{"id":11169,"date":"2024-12-13T12:35:27","date_gmt":"2024-12-13T11:35:27","guid":{"rendered":"https:\/\/mademoiselleglamour.fr\/studio\/?p=11169"},"modified":"2024-12-27T13:36:32","modified_gmt":"2024-12-27T12:36:32","slug":"seance-portrait-femme-bien-etre-25-ans-mariage","status":"publish","type":"post","link":"https:\/\/mademoiselleglamour.fr\/studio\/seance-portrait-femme-bien-etre-25-ans-mariage\/","title":{"rendered":"S\u00e9ance Portrait Femme : \u00ab Un Moment Unique de Bien-\u00eatre et d\u2019\u00c9motion \u00bb"},"content":{"rendered":"\n<p>\u2728 I S A B E L L E \u2728<\/p>\n\n\n\n<h2 class=\"wp-block-heading\">S\u00e9ance Portrait Femme : Isabelle Partage son Exp\u00e9rience de Bien-\u00eatre et d&rsquo;\u00c9motion<\/h2>\n\n\n\n<p>Isabelle partage son exp\u00e9rience d&rsquo;une s\u00e9ance portrait femme <a href=\"https:\/\/mademoiselleglamour.fr\/studio\/infos-seances\/la-femme-glamour\/\">\u00ab&nbsp;LA FEMME GLAMOUR&nbsp;\u00bb<\/a>, un moment unique qui a marqu\u00e9 un tournant dans sa vie. \u00c0 l\u2019approche de la cinquantaine et pour c\u00e9l\u00e9brer ses 25 ans de mariage, elle a d\u00e9cid\u00e9 de prendre soin d\u2019elle et de s\u2019offrir une exp\u00e9rience in\u00e9dite. Avec le soutien de Delphine, elle a v\u00e9cu une s\u00e9ance de bien-\u00eatre, alliant maquillage, coiffure et poses artistiques. Le r\u00e9sultat ? Des portraits \u00e9mouvants qui capturent son essence et celle de son couple. Une exp\u00e9rience transformante qu\u2019elle ne regrette pas et qui l\u2019a laiss\u00e9e sur un nuage.<\/p>\n\n\n\n<h2 class=\"wp-block-heading\">Voici son T\u00e9moignage:<\/h2>\n\n\n\n<p>\u00ab&nbsp;Depuis plusieurs mois je visionnais les s\u00e9ances photos des Delphine et de toutes ces femmes, je r\u00eavais de cette exp\u00e9rience mais sans oser me lancer. Quelques soucis de sant\u00e9, une reconversion professionnelle contrainte, les enfants qui deviennent grands, autonomes et qui ont moins besoin de maman, un sentiment d\u2019inutilit\u00e9. Apprendre \u00e0 vivre autrement&#8230;<\/p>\n\n\n\n<h3 class=\"wp-block-heading\">La cinquantaine approchant \u00e0 grand pas&#8230;<\/h3>\n\n\n\n<p> je me suis d\u00e9cid\u00e9e. Faire quelque chose pour moi, se faire plaisir.&nbsp;Je contacte donc Delphine. Prise de rdv par t\u00e9l\u00e9phone.&nbsp; J&rsquo;attends impatiemment son appel. Une voix douce, une voix qui me met en confiance en m&rsquo;expliquant l&rsquo;organisation de ma future s\u00e9ance.&nbsp; S\u00e9ance programm\u00e9e 2 mois suivant. Je souhaite que mon mari me rejoigne lors de la s\u00e9ance pour faire des photos de couple car cette ann\u00e9e c&rsquo;est nos 25 ans de mariage. L\u2019occasion aussi de faire un clin d&rsquo;\u0153il \u00e0 ces 25 ann\u00e9es avec lui. Celui qui me soutient chaque jour, toujours positif quoi qu&rsquo;il arrive. Les semaines d\u00e9filent vite, je pense \u00e0 quelles tenues mettre dans ma valise. Ma robe de mari\u00e9e, pourra-t-on en faire quelque chose ? <\/p>\n\n\n\n<h3 class=\"wp-block-heading\">La date approchant, j&rsquo;ai des doutes&#8230;<\/h3>\n\n\n\n<p>suis-je \u00e9go\u00efste de pr\u00e9voir cette s\u00e9ance, envie d\u2019annuler. Le jour J arrive, le studio est beau, accueillant, les Delphine me mettent \u00e0 l&rsquo;aise.&nbsp; Une impression de les conna\u00eetre.&nbsp;Je suis dans une bulle, me laissant porter, maquillage, coiffures, poses. Je leur fais totalement confiance.&nbsp; L&rsquo;effet waouh dans le miroir. Un bien-\u00eatre, STAR d&rsquo;un jour. Les poses photos s&rsquo;encha\u00eenent selon l&rsquo;intuition de Delphine. Je ne pensais pas que c&rsquo;\u00e9tait quand m\u00eame aussi physique de poser. La s\u00e9ance se termine, toute la journ\u00e9e qui suit, je suis sur un nuage, difficile de se concentrer sur une activit\u00e9 en particulier. <\/p>\n\n\n\n<p>Maintenant attendre la d\u00e9couverte, est-ce que je vais \u00eatre d\u00e9\u00e7ue de mon image ? vais-je aimer ? est-que mon mari aussi va aimer ? Encore plusieurs questions tournent dans ma t\u00eate.&nbsp;Puis, la r\u00e9v\u00e9lation sur ce mur, qui est au-del\u00e0 de mes attentes, le choix des photos est compliqu\u00e9.&nbsp;Elles sont toutes magnifiques et chacune d\u2019elles d\u00e9gagent une \u00e9motion que Delphine a su capturer.&nbsp;Une exp\u00e9rience indescriptible tant qu\u2019on n\u2019a pas v\u00e9cu soi-m\u00eame celle-ci.&nbsp;<\/p>\n\n\n\n<p>Je remercie vraiment les \u00ab&nbsp;DelF\u00e9es&nbsp;\u00bb pour ces magnifiques portraits souvenirs.&nbsp;\u00bb<\/p>\n\n\n\n<p>~Isabelle~<\/p>\n\n\n\n<h3 class=\"wp-block-heading\">D\u00e9couvrir ses Portraits:<\/h3>\n\n\n\n<figure class=\"wp-block-gallery has-nested-images columns-1 is-cropped wp-block-gallery-1 is-layout-flex wp-block-gallery-is-layout-flex\">\n<figure class=\"wp-block-image size-full\"><img loading=\"lazy\" decoding=\"async\" width=\"1176\" height=\"1764\" data-id=\"11184\" src=\"https:\/\/mademoiselleglamour.fr\/studio\/wp-content\/uploads\/2024\/12\/seance-portrait-femme-bien-etre-25-ans-mariage-01.jpg\" alt=\"\" class=\"wp-image-11184\"\/><\/figure>\n\n\n\n<figure class=\"wp-block-image size-full\"><img loading=\"lazy\" decoding=\"async\" width=\"1176\" height=\"1764\" data-id=\"11183\" src=\"https:\/\/mademoiselleglamour.fr\/studio\/wp-content\/uploads\/2024\/12\/seance-portrait-femme-bien-etre-25-ans-mariage-02.jpg\" alt=\"\" class=\"wp-image-11183\"\/><\/figure>\n\n\n\n<figure class=\"wp-block-image size-full\"><img loading=\"lazy\" decoding=\"async\" width=\"1176\" height=\"1764\" data-id=\"11172\" src=\"https:\/\/mademoiselleglamour.fr\/studio\/wp-content\/uploads\/2024\/12\/seance-portrait-femme-bien-etre-25-ans-mariage-03.jpg\" alt=\"\" class=\"wp-image-11172\"\/><\/figure>\n\n\n\n<figure class=\"wp-block-image size-full\"><img loading=\"lazy\" decoding=\"async\" width=\"1176\" height=\"1764\" data-id=\"11173\" src=\"https:\/\/mademoiselleglamour.fr\/studio\/wp-content\/uploads\/2024\/12\/seance-portrait-femme-bien-etre-25-ans-mariage-04.jpg\" alt=\"\" class=\"wp-image-11173\"\/><\/figure>\n\n\n\n<figure class=\"wp-block-image size-full\"><img loading=\"lazy\" decoding=\"async\" width=\"1176\" height=\"1764\" data-id=\"11177\" src=\"https:\/\/mademoiselleglamour.fr\/studio\/wp-content\/uploads\/2024\/12\/seance-portrait-femme-bien-etre-25-ans-mariage-05.jpg\" alt=\"\" class=\"wp-image-11177\"\/><\/figure>\n\n\n\n<figure class=\"wp-block-image size-full\"><img loading=\"lazy\" decoding=\"async\" width=\"1176\" height=\"1764\" data-id=\"11175\" src=\"https:\/\/mademoiselleglamour.fr\/studio\/wp-content\/uploads\/2024\/12\/seance-portrait-femme-bien-etre-25-ans-mariage-06.jpg\" alt=\"\" class=\"wp-image-11175\"\/><\/figure>\n\n\n\n<figure class=\"wp-block-image size-full\"><img loading=\"lazy\" decoding=\"async\" width=\"1176\" height=\"1764\" data-id=\"11174\" src=\"https:\/\/mademoiselleglamour.fr\/studio\/wp-content\/uploads\/2024\/12\/seance-portrait-femme-bien-etre-25-ans-mariage-07.jpg\" alt=\"\" class=\"wp-image-11174\"\/><\/figure>\n\n\n\n<figure class=\"wp-block-image size-full\"><img loading=\"lazy\" decoding=\"async\" width=\"1764\" height=\"1176\" data-id=\"11185\" src=\"https:\/\/mademoiselleglamour.fr\/studio\/wp-content\/uploads\/2024\/12\/seance-portrait-femme-bien-etre-25-ans-mariage-08.jpg\" alt=\"\" class=\"wp-image-11185\"\/><\/figure>\n\n\n\n<figure class=\"wp-block-image size-full\"><img loading=\"lazy\" decoding=\"async\" width=\"1176\" height=\"1764\" data-id=\"11182\" src=\"https:\/\/mademoiselleglamour.fr\/studio\/wp-content\/uploads\/2024\/12\/seance-portrait-femme-bien-etre-25-ans-mariage-09.jpg\" alt=\"\" class=\"wp-image-11182\"\/><\/figure>\n\n\n\n<figure class=\"wp-block-image size-full\"><img loading=\"lazy\" decoding=\"async\" width=\"1176\" height=\"1764\" data-id=\"11178\" src=\"https:\/\/mademoiselleglamour.fr\/studio\/wp-content\/uploads\/2024\/12\/seance-portrait-femme-bien-etre-25-ans-mariage-10.jpg\" alt=\"\" class=\"wp-image-11178\"\/><\/figure>\n\n\n\n<figure class=\"wp-block-image size-full\"><img loading=\"lazy\" decoding=\"async\" width=\"1176\" height=\"1764\" data-id=\"11171\" src=\"https:\/\/mademoiselleglamour.fr\/studio\/wp-content\/uploads\/2024\/12\/seance-portrait-femme-bien-etre-25-ans-mariage-11.jpg\" alt=\"Isabelle, star d'un jour, pendant sa s\u00e9ance portrait femme bien-\u00eatre\" class=\"wp-image-11171\"\/><\/figure>\n\n\n\n<figure class=\"wp-block-image size-full\"><img loading=\"lazy\" decoding=\"async\" width=\"1176\" height=\"1764\" data-id=\"11176\" src=\"https:\/\/mademoiselleglamour.fr\/studio\/wp-content\/uploads\/2024\/12\/seance-portrait-femme-bien-etre-25-ans-mariage-12.jpg\" alt=\"\" class=\"wp-image-11176\"\/><\/figure>\n\n\n\n<figure class=\"wp-block-image size-full\"><img loading=\"lazy\" decoding=\"async\" width=\"1176\" height=\"1764\" data-id=\"11180\" src=\"https:\/\/mademoiselleglamour.fr\/studio\/wp-content\/uploads\/2024\/12\/seance-portrait-femme-bien-etre-25-ans-mariage-13.jpg\" alt=\"\" class=\"wp-image-11180\"\/><\/figure>\n\n\n\n<figure class=\"wp-block-image size-full\"><img loading=\"lazy\" decoding=\"async\" width=\"1764\" height=\"1176\" data-id=\"11186\" src=\"https:\/\/mademoiselleglamour.fr\/studio\/wp-content\/uploads\/2024\/12\/seance-portrait-femme-bien-etre-25-ans-mariage-14.jpg\" alt=\"\" class=\"wp-image-11186\"\/><\/figure>\n\n\n\n<figure class=\"wp-block-image size-full\"><img loading=\"lazy\" decoding=\"async\" width=\"1176\" height=\"1764\" data-id=\"11181\" src=\"https:\/\/mademoiselleglamour.fr\/studio\/wp-content\/uploads\/2024\/12\/seance-portrait-femme-bien-etre-25-ans-mariage-15.jpg\" alt=\"\" class=\"wp-image-11181\"\/><\/figure>\n\n\n\n<figure class=\"wp-block-image size-full\"><img loading=\"lazy\" decoding=\"async\" width=\"1176\" height=\"1764\" data-id=\"11187\" src=\"https:\/\/mademoiselleglamour.fr\/studio\/wp-content\/uploads\/2024\/12\/seance-portrait-femme-bien-etre-25-ans-mariage-16.jpg\" alt=\"\" class=\"wp-image-11187\"\/><\/figure>\n\n\n\n<figure class=\"wp-block-image size-full\"><img loading=\"lazy\" decoding=\"async\" width=\"1476\" height=\"1476\" data-id=\"11179\" src=\"https:\/\/mademoiselleglamour.fr\/studio\/wp-content\/uploads\/2024\/12\/seance-portrait-femme-bien-etre-25-ans-mariage-17.jpg\" alt=\"\" class=\"wp-image-11179\"\/><\/figure>\n<\/figure>\n\n\n\n<p>A D\u00e9couvrir \u00e9galement:<\/p>\n\n\n\n<ul class=\"wp-block-list\">\n<li>Toutes mes Derni\u00e8res S\u00e9ances \u00ab\u00a0LA FEMME GLAMOUR\u00a0\u00bb: <a href=\"https:\/\/mademoiselleglamour.fr\/studio\/category\/dernieres-seances\/glamour\/\">https:\/\/mademoiselleglamour.fr\/studio\/category\/dernieres-seances\/glamour\/<\/a><\/li>\n\n\n\n<li>Toutes les diff\u00e9rentes S\u00e9ances que je propose: <a href=\"https:\/\/mademoiselleglamour.fr\/studio\/infos-seances\/\">https:\/\/mademoiselleglamour.fr\/studio\/infos-seances\/<\/a><\/li>\n\n\n\n<li>Les Coulisses du Studio: <a href=\"https:\/\/mademoiselleglamour.fr\/studio\/le-studio\/\">https:\/\/mademoiselleglamour.fr\/studio\/le-studio\/<\/a><\/li>\n\n\n\n<li>Ma Newsletter: <a href=\"https:\/\/mademoiselleglamour.fr\/studio\/newsletter\/\">https:\/\/mademoiselleglamour.fr\/studio\/newsletter\/<\/a><\/li>\n<\/ul>\n\n\n\n<p>Mais aussi:<\/p>\n\n\n\n<ul class=\"wp-block-list\">\n<li>Le Facebook de ma Collaboratrice Delphine Charbonnier: <a href=\"https:\/\/www.facebook.com\/DelphineCharbonnierstudio\">https:\/\/www.facebook.com\/DelphineCharbonnierstudio<\/a><\/li>\n\n\n\n<li>Le Instagram de ma Collaboratrice Delphine Charbonnier: <a href=\"https:\/\/www.instagram.com\/delphine_charbonnier\/\">https:\/\/www.instagram.com\/delphine_charbonnier\/<\/a><\/li>\n<\/ul>\n","protected":false},"excerpt":{"rendered":"<p>\u2728 I S A B E L L E \u2728 S\u00e9ance Portrait Femme : Isabelle Partage son Exp\u00e9rience de Bien-\u00eatre et d&rsquo;\u00c9motion Isabelle partage son exp\u00e9rience d&rsquo;une s\u00e9ance portrait femme \u00ab&nbsp;LA FEMME GLAMOUR&nbsp;\u00bb, un moment unique qui a marqu\u00e9 un [&hellip;]<\/p>\n","protected":false},"author":1,"featured_media":11179,"comment_status":"closed","ping_status":"closed","sticky":false,"template":"","format":"standard","meta":{"_acf_changed":false,"_monsterinsights_skip_tracking":false,"_monsterinsights_sitenote_active":false,"_monsterinsights_sitenote_note":"","_monsterinsights_sitenote_category":0,"footnotes":""},"categories":[2,8],"tags":[139,237,292,296],"class_list":["post-11169","post","type-post","status-publish","format-standard","has-post-thumbnail","hentry","category-dernieres-seances","category-glamour","tag-photographe-boudoir-saint-etienne","tag-seance-glamour-lyon","tag-shooting-photo-lyon","tag-shooting-photo-saint-etienne"],"acf":[],"yoast_head":"<!-- This site is optimized with the Yoast SEO plugin v27.2 - https:\/\/yoast.com\/product\/yoast-seo-wordpress\/ -->\n<title>S\u00e9ance Portrait Femme: Un Moment de Bien-\u00eatre et d\u2019\u00c9motion<\/title>\n<meta name=\"description\" content=\"Isabelle partage son exp\u00e9rience d\u2019une s\u00e9ance portrait femme, un moment de bien-\u00eatre et d\u2019\u00e9motion pour c\u00e9l\u00e9brer 25 ans de mariage.\" \/>\n<meta name=\"robots\" content=\"index, follow, max-snippet:-1, max-image-preview:large, max-video-preview:-1\" \/>\n<link rel=\"canonical\" href=\"https:\/\/mademoiselleglamour.fr\/studio\/seance-portrait-femme-bien-etre-25-ans-mariage\/\" \/>\n<meta property=\"og:locale\" content=\"fr_FR\" \/>\n<meta property=\"og:type\" content=\"article\" \/>\n<meta property=\"og:title\" content=\"S\u00e9ance Portrait Femme: Un Moment de Bien-\u00eatre et d\u2019\u00c9motion\" \/>\n<meta property=\"og:description\" content=\"Isabelle partage son exp\u00e9rience d\u2019une s\u00e9ance portrait femme, un moment de bien-\u00eatre et d\u2019\u00e9motion pour c\u00e9l\u00e9brer 25 ans de mariage.\" \/>\n<meta property=\"og:url\" content=\"https:\/\/mademoiselleglamour.fr\/studio\/seance-portrait-femme-bien-etre-25-ans-mariage\/\" \/>\n<meta property=\"og:site_name\" content=\"Delphine Dos Santos STUDIO | \u00a9Delphine Dos Santos Artiste Photographe\" \/>\n<meta property=\"article:published_time\" content=\"2024-12-13T11:35:27+00:00\" \/>\n<meta property=\"article:modified_time\" content=\"2024-12-27T12:36:32+00:00\" \/>\n<meta property=\"og:image\" content=\"https:\/\/mademoiselleglamour.fr\/studio\/wp-content\/uploads\/2024\/12\/seance-portrait-femme-bien-etre-25-ans-mariage-17.jpg\" \/>\n\t<meta property=\"og:image:width\" content=\"1476\" \/>\n\t<meta property=\"og:image:height\" content=\"1476\" \/>\n\t<meta property=\"og:image:type\" content=\"image\/jpeg\" \/>\n<meta name=\"author\" content=\"Delphine-Studio\" \/>\n<meta name=\"twitter:card\" content=\"summary_large_image\" \/>\n<meta name=\"twitter:label1\" content=\"\u00c9crit par\" \/>\n\t<meta name=\"twitter:data1\" content=\"Delphine-Studio\" \/>\n\t<meta name=\"twitter:label2\" content=\"Dur\u00e9e de lecture estim\u00e9e\" \/>\n\t<meta name=\"twitter:data2\" content=\"7 minutes\" \/>\n<script type=\"application\/ld+json\" class=\"yoast-schema-graph\">{\"@context\":\"https:\/\/schema.org\",\"@graph\":[{\"@type\":\"Article\",\"@id\":\"https:\/\/mademoiselleglamour.fr\/studio\/seance-portrait-femme-bien-etre-25-ans-mariage\/#article\",\"isPartOf\":{\"@id\":\"https:\/\/mademoiselleglamour.fr\/studio\/seance-portrait-femme-bien-etre-25-ans-mariage\/\"},\"author\":{\"name\":\"Delphine-Studio\",\"@id\":\"https:\/\/mademoiselleglamour.fr\/studio\/#\/schema\/person\/17be9b4f38eb2e07ae8397be923fe3a6\"},\"headline\":\"S\u00e9ance Portrait Femme : \u00ab Un Moment Unique de Bien-\u00eatre et d\u2019\u00c9motion \u00bb\",\"datePublished\":\"2024-12-13T11:35:27+00:00\",\"dateModified\":\"2024-12-27T12:36:32+00:00\",\"mainEntityOfPage\":{\"@id\":\"https:\/\/mademoiselleglamour.fr\/studio\/seance-portrait-femme-bien-etre-25-ans-mariage\/\"},\"wordCount\":656,\"image\":{\"@id\":\"https:\/\/mademoiselleglamour.fr\/studio\/seance-portrait-femme-bien-etre-25-ans-mariage\/#primaryimage\"},\"thumbnailUrl\":\"https:\/\/mademoiselleglamour.fr\/studio\/wp-content\/uploads\/2024\/12\/seance-portrait-femme-bien-etre-25-ans-mariage-17.jpg\",\"keywords\":[\"photographe boudoir saint etienne\",\"seance glamour lyon\",\"shooting photo lyon\",\"shooting photo saint etienne\"],\"articleSection\":[\"Derni\u00e8res S\u00e9ances\",\"LA FEMME GLAMOUR\"],\"inLanguage\":\"fr-FR\"},{\"@type\":\"WebPage\",\"@id\":\"https:\/\/mademoiselleglamour.fr\/studio\/seance-portrait-femme-bien-etre-25-ans-mariage\/\",\"url\":\"https:\/\/mademoiselleglamour.fr\/studio\/seance-portrait-femme-bien-etre-25-ans-mariage\/\",\"name\":\"S\u00e9ance Portrait Femme: Un Moment de Bien-\u00eatre et d\u2019\u00c9motion\",\"isPartOf\":{\"@id\":\"https:\/\/mademoiselleglamour.fr\/studio\/#website\"},\"primaryImageOfPage\":{\"@id\":\"https:\/\/mademoiselleglamour.fr\/studio\/seance-portrait-femme-bien-etre-25-ans-mariage\/#primaryimage\"},\"image\":{\"@id\":\"https:\/\/mademoiselleglamour.fr\/studio\/seance-portrait-femme-bien-etre-25-ans-mariage\/#primaryimage\"},\"thumbnailUrl\":\"https:\/\/mademoiselleglamour.fr\/studio\/wp-content\/uploads\/2024\/12\/seance-portrait-femme-bien-etre-25-ans-mariage-17.jpg\",\"datePublished\":\"2024-12-13T11:35:27+00:00\",\"dateModified\":\"2024-12-27T12:36:32+00:00\",\"author\":{\"@id\":\"https:\/\/mademoiselleglamour.fr\/studio\/#\/schema\/person\/17be9b4f38eb2e07ae8397be923fe3a6\"},\"description\":\"Isabelle partage son exp\u00e9rience d\u2019une s\u00e9ance portrait femme, un moment de bien-\u00eatre et d\u2019\u00e9motion pour c\u00e9l\u00e9brer 25 ans de mariage.\",\"breadcrumb\":{\"@id\":\"https:\/\/mademoiselleglamour.fr\/studio\/seance-portrait-femme-bien-etre-25-ans-mariage\/#breadcrumb\"},\"inLanguage\":\"fr-FR\",\"potentialAction\":[{\"@type\":\"ReadAction\",\"target\":[\"https:\/\/mademoiselleglamour.fr\/studio\/seance-portrait-femme-bien-etre-25-ans-mariage\/\"]}]},{\"@type\":\"ImageObject\",\"inLanguage\":\"fr-FR\",\"@id\":\"https:\/\/mademoiselleglamour.fr\/studio\/seance-portrait-femme-bien-etre-25-ans-mariage\/#primaryimage\",\"url\":\"https:\/\/mademoiselleglamour.fr\/studio\/wp-content\/uploads\/2024\/12\/seance-portrait-femme-bien-etre-25-ans-mariage-17.jpg\",\"contentUrl\":\"https:\/\/mademoiselleglamour.fr\/studio\/wp-content\/uploads\/2024\/12\/seance-portrait-femme-bien-etre-25-ans-mariage-17.jpg\",\"width\":1476,\"height\":1476},{\"@type\":\"BreadcrumbList\",\"@id\":\"https:\/\/mademoiselleglamour.fr\/studio\/seance-portrait-femme-bien-etre-25-ans-mariage\/#breadcrumb\",\"itemListElement\":[{\"@type\":\"ListItem\",\"position\":1,\"name\":\"Accueil\",\"item\":\"https:\/\/mademoiselleglamour.fr\/studio\/\"},{\"@type\":\"ListItem\",\"position\":2,\"name\":\"S\u00e9ance Portrait Femme : \u00ab Un Moment Unique de Bien-\u00eatre et d\u2019\u00c9motion \u00bb\"}]},{\"@type\":\"WebSite\",\"@id\":\"https:\/\/mademoiselleglamour.fr\/studio\/#website\",\"url\":\"https:\/\/mademoiselleglamour.fr\/studio\/\",\"name\":\"Delphine Dos Santos STUDIO | \u00a9Delphine Dos Santos Artiste Photographe\",\"description\":\"Portraits Artistiques &amp; Glamour pour les Femmes | Sublimer chaque Femme comme une Oeuvre d&#039;Art\",\"potentialAction\":[{\"@type\":\"SearchAction\",\"target\":{\"@type\":\"EntryPoint\",\"urlTemplate\":\"https:\/\/mademoiselleglamour.fr\/studio\/?s={search_term_string}\"},\"query-input\":{\"@type\":\"PropertyValueSpecification\",\"valueRequired\":true,\"valueName\":\"search_term_string\"}}],\"inLanguage\":\"fr-FR\"},{\"@type\":\"Person\",\"@id\":\"https:\/\/mademoiselleglamour.fr\/studio\/#\/schema\/person\/17be9b4f38eb2e07ae8397be923fe3a6\",\"name\":\"Delphine-Studio\",\"image\":{\"@type\":\"ImageObject\",\"inLanguage\":\"fr-FR\",\"@id\":\"https:\/\/secure.gravatar.com\/avatar\/aabf4fe27c816edce62021da47eaff2d232ac4d54f8559b12e44676d4ddde1b1?s=96&d=mm&r=g\",\"url\":\"https:\/\/secure.gravatar.com\/avatar\/aabf4fe27c816edce62021da47eaff2d232ac4d54f8559b12e44676d4ddde1b1?s=96&d=mm&r=g\",\"contentUrl\":\"https:\/\/secure.gravatar.com\/avatar\/aabf4fe27c816edce62021da47eaff2d232ac4d54f8559b12e44676d4ddde1b1?s=96&d=mm&r=g\",\"caption\":\"Delphine-Studio\"},\"url\":\"https:\/\/mademoiselleglamour.fr\/studio\/author\/delphine-studio\/\"}]}<\/script>\n<!-- \/ Yoast SEO plugin. -->","yoast_head_json":{"title":"S\u00e9ance Portrait Femme: Un Moment de Bien-\u00eatre et d\u2019\u00c9motion","description":"Isabelle partage son exp\u00e9rience d\u2019une s\u00e9ance portrait femme, un moment de bien-\u00eatre et d\u2019\u00e9motion pour c\u00e9l\u00e9brer 25 ans de mariage.","robots":{"index":"index","follow":"follow","max-snippet":"max-snippet:-1","max-image-preview":"max-image-preview:large","max-video-preview":"max-video-preview:-1"},"canonical":"https:\/\/mademoiselleglamour.fr\/studio\/seance-portrait-femme-bien-etre-25-ans-mariage\/","og_locale":"fr_FR","og_type":"article","og_title":"S\u00e9ance Portrait Femme: Un Moment de Bien-\u00eatre et d\u2019\u00c9motion","og_description":"Isabelle partage son exp\u00e9rience d\u2019une s\u00e9ance portrait femme, un moment de bien-\u00eatre et d\u2019\u00e9motion pour c\u00e9l\u00e9brer 25 ans de mariage.","og_url":"https:\/\/mademoiselleglamour.fr\/studio\/seance-portrait-femme-bien-etre-25-ans-mariage\/","og_site_name":"Delphine Dos Santos STUDIO | \u00a9Delphine Dos Santos Artiste Photographe","article_published_time":"2024-12-13T11:35:27+00:00","article_modified_time":"2024-12-27T12:36:32+00:00","og_image":[{"width":1476,"height":1476,"url":"https:\/\/mademoiselleglamour.fr\/studio\/wp-content\/uploads\/2024\/12\/seance-portrait-femme-bien-etre-25-ans-mariage-17.jpg","type":"image\/jpeg"}],"author":"Delphine-Studio","twitter_card":"summary_large_image","twitter_misc":{"\u00c9crit par":"Delphine-Studio","Dur\u00e9e de lecture estim\u00e9e":"7 minutes"},"schema":{"@context":"https:\/\/schema.org","@graph":[{"@type":"Article","@id":"https:\/\/mademoiselleglamour.fr\/studio\/seance-portrait-femme-bien-etre-25-ans-mariage\/#article","isPartOf":{"@id":"https:\/\/mademoiselleglamour.fr\/studio\/seance-portrait-femme-bien-etre-25-ans-mariage\/"},"author":{"name":"Delphine-Studio","@id":"https:\/\/mademoiselleglamour.fr\/studio\/#\/schema\/person\/17be9b4f38eb2e07ae8397be923fe3a6"},"headline":"S\u00e9ance Portrait Femme : \u00ab Un Moment Unique de Bien-\u00eatre et d\u2019\u00c9motion \u00bb","datePublished":"2024-12-13T11:35:27+00:00","dateModified":"2024-12-27T12:36:32+00:00","mainEntityOfPage":{"@id":"https:\/\/mademoiselleglamour.fr\/studio\/seance-portrait-femme-bien-etre-25-ans-mariage\/"},"wordCount":656,"image":{"@id":"https:\/\/mademoiselleglamour.fr\/studio\/seance-portrait-femme-bien-etre-25-ans-mariage\/#primaryimage"},"thumbnailUrl":"https:\/\/mademoiselleglamour.fr\/studio\/wp-content\/uploads\/2024\/12\/seance-portrait-femme-bien-etre-25-ans-mariage-17.jpg","keywords":["photographe boudoir saint etienne","seance glamour lyon","shooting photo lyon","shooting photo saint etienne"],"articleSection":["Derni\u00e8res S\u00e9ances","LA FEMME GLAMOUR"],"inLanguage":"fr-FR"},{"@type":"WebPage","@id":"https:\/\/mademoiselleglamour.fr\/studio\/seance-portrait-femme-bien-etre-25-ans-mariage\/","url":"https:\/\/mademoiselleglamour.fr\/studio\/seance-portrait-femme-bien-etre-25-ans-mariage\/","name":"S\u00e9ance Portrait Femme: Un Moment de Bien-\u00eatre et d\u2019\u00c9motion","isPartOf":{"@id":"https:\/\/mademoiselleglamour.fr\/studio\/#website"},"primaryImageOfPage":{"@id":"https:\/\/mademoiselleglamour.fr\/studio\/seance-portrait-femme-bien-etre-25-ans-mariage\/#primaryimage"},"image":{"@id":"https:\/\/mademoiselleglamour.fr\/studio\/seance-portrait-femme-bien-etre-25-ans-mariage\/#primaryimage"},"thumbnailUrl":"https:\/\/mademoiselleglamour.fr\/studio\/wp-content\/uploads\/2024\/12\/seance-portrait-femme-bien-etre-25-ans-mariage-17.jpg","datePublished":"2024-12-13T11:35:27+00:00","dateModified":"2024-12-27T12:36:32+00:00","author":{"@id":"https:\/\/mademoiselleglamour.fr\/studio\/#\/schema\/person\/17be9b4f38eb2e07ae8397be923fe3a6"},"description":"Isabelle partage son exp\u00e9rience d\u2019une s\u00e9ance portrait femme, un moment de bien-\u00eatre et d\u2019\u00e9motion pour c\u00e9l\u00e9brer 25 ans de mariage.","breadcrumb":{"@id":"https:\/\/mademoiselleglamour.fr\/studio\/seance-portrait-femme-bien-etre-25-ans-mariage\/#breadcrumb"},"inLanguage":"fr-FR","potentialAction":[{"@type":"ReadAction","target":["https:\/\/mademoiselleglamour.fr\/studio\/seance-portrait-femme-bien-etre-25-ans-mariage\/"]}]},{"@type":"ImageObject","inLanguage":"fr-FR","@id":"https:\/\/mademoiselleglamour.fr\/studio\/seance-portrait-femme-bien-etre-25-ans-mariage\/#primaryimage","url":"https:\/\/mademoiselleglamour.fr\/studio\/wp-content\/uploads\/2024\/12\/seance-portrait-femme-bien-etre-25-ans-mariage-17.jpg","contentUrl":"https:\/\/mademoiselleglamour.fr\/studio\/wp-content\/uploads\/2024\/12\/seance-portrait-femme-bien-etre-25-ans-mariage-17.jpg","width":1476,"height":1476},{"@type":"BreadcrumbList","@id":"https:\/\/mademoiselleglamour.fr\/studio\/seance-portrait-femme-bien-etre-25-ans-mariage\/#breadcrumb","itemListElement":[{"@type":"ListItem","position":1,"name":"Accueil","item":"https:\/\/mademoiselleglamour.fr\/studio\/"},{"@type":"ListItem","position":2,"name":"S\u00e9ance Portrait Femme : \u00ab Un Moment Unique de Bien-\u00eatre et d\u2019\u00c9motion \u00bb"}]},{"@type":"WebSite","@id":"https:\/\/mademoiselleglamour.fr\/studio\/#website","url":"https:\/\/mademoiselleglamour.fr\/studio\/","name":"Delphine Dos Santos STUDIO | \u00a9Delphine Dos Santos Artiste Photographe","description":"Portraits Artistiques &amp; Glamour pour les Femmes | Sublimer chaque Femme comme une Oeuvre d&#039;Art","potentialAction":[{"@type":"SearchAction","target":{"@type":"EntryPoint","urlTemplate":"https:\/\/mademoiselleglamour.fr\/studio\/?s={search_term_string}"},"query-input":{"@type":"PropertyValueSpecification","valueRequired":true,"valueName":"search_term_string"}}],"inLanguage":"fr-FR"},{"@type":"Person","@id":"https:\/\/mademoiselleglamour.fr\/studio\/#\/schema\/person\/17be9b4f38eb2e07ae8397be923fe3a6","name":"Delphine-Studio","image":{"@type":"ImageObject","inLanguage":"fr-FR","@id":"https:\/\/secure.gravatar.com\/avatar\/aabf4fe27c816edce62021da47eaff2d232ac4d54f8559b12e44676d4ddde1b1?s=96&d=mm&r=g","url":"https:\/\/secure.gravatar.com\/avatar\/aabf4fe27c816edce62021da47eaff2d232ac4d54f8559b12e44676d4ddde1b1?s=96&d=mm&r=g","contentUrl":"https:\/\/secure.gravatar.com\/avatar\/aabf4fe27c816edce62021da47eaff2d232ac4d54f8559b12e44676d4ddde1b1?s=96&d=mm&r=g","caption":"Delphine-Studio"},"url":"https:\/\/mademoiselleglamour.fr\/studio\/author\/delphine-studio\/"}]}},"_links":{"self":[{"href":"https:\/\/mademoiselleglamour.fr\/studio\/wp-json\/wp\/v2\/posts\/11169","targetHints":{"allow":["GET"]}}],"collection":[{"href":"https:\/\/mademoiselleglamour.fr\/studio\/wp-json\/wp\/v2\/posts"}],"about":[{"href":"https:\/\/mademoiselleglamour.fr\/studio\/wp-json\/wp\/v2\/types\/post"}],"author":[{"embeddable":true,"href":"https:\/\/mademoiselleglamour.fr\/studio\/wp-json\/wp\/v2\/users\/1"}],"replies":[{"embeddable":true,"href":"https:\/\/mademoiselleglamour.fr\/studio\/wp-json\/wp\/v2\/comments?post=11169"}],"version-history":[{"count":3,"href":"https:\/\/mademoiselleglamour.fr\/studio\/wp-json\/wp\/v2\/posts\/11169\/revisions"}],"predecessor-version":[{"id":11215,"href":"https:\/\/mademoiselleglamour.fr\/studio\/wp-json\/wp\/v2\/posts\/11169\/revisions\/11215"}],"wp:featuredmedia":[{"embeddable":true,"href":"https:\/\/mademoiselleglamour.fr\/studio\/wp-json\/wp\/v2\/media\/11179"}],"wp:attachment":[{"href":"https:\/\/mademoiselleglamour.fr\/studio\/wp-json\/wp\/v2\/media?parent=11169"}],"wp:term":[{"taxonomy":"category","embeddable":true,"href":"https:\/\/mademoiselleglamour.fr\/studio\/wp-json\/wp\/v2\/categories?post=11169"},{"taxonomy":"post_tag","embeddable":true,"href":"https:\/\/mademoiselleglamour.fr\/studio\/wp-json\/wp\/v2\/tags?post=11169"}],"curies":[{"name":"wp","href":"https:\/\/api.w.org\/{rel}","templated":true}]}}