{"id":4706,"date":"2018-04-05T15:07:34","date_gmt":"2018-04-05T13:07:34","guid":{"rendered":"http:\/\/mademoiselleglamour.fr\/blog\/?p=4706"},"modified":"2020-12-10T09:00:30","modified_gmt":"2020-12-10T08:00:30","slug":"arrivee-a-mes-40-ans-il-etait-temps-dassumer-enfin-le-retour-de-mon-image-seance-photo-glamour-celine","status":"publish","type":"post","link":"https:\/\/mademoiselleglamour.fr\/studio\/arrivee-a-mes-40-ans-il-etait-temps-dassumer-enfin-le-retour-de-mon-image-seance-photo-glamour-celine\/","title":{"rendered":"\u00ab\u00a0Arriv\u00e9e \u00e0 mes 40 ans, il \u00e9tait temps d&rsquo;assumer ENFIN le retour de mon image &#8230;\u00a0\u00bb"},"content":{"rendered":"\n<iframe loading=\"lazy\" width=\"280\" height=\"180\" src=\"https:\/\/www.youtube.com\/embed\/jan8aFpAzU8\" frameborder=\"0\" allow=\"accelerometer; autoplay; encrypted-media; gyroscope; picture-in-picture\" allowfullscreen=\"\"><\/iframe>\n\n\n\n<p class=\"has-normal-font-size\"><em>\u00ab\u00a0Au d\u00e9part juste une envie, et ce moment fut transform\u00e9 en D\u00e9fi ! Arriv\u00e9e \u00e0 mes 40 ans, il \u00e9tait temps d&rsquo;assumer enfin le retour de mon image, mes formes plus ou moins avantageuses, mon joli minois \u00e0 plusieurs facettes&#8230;.. Alors oui, j&rsquo;attendais beaucoup de cette s\u00e9ance.  J&rsquo;ai pr\u00e9par\u00e9 ce moment avec le plus grand s\u00e9rieux. Les conseils judicieux de Delphine DS m&rsquo;ont vraiment mise en confiance. Une partie de moi-m\u00eame avait la Sensation d&rsquo;\u00eatre au bout d&rsquo;un plongeoir de 10m avant de sauter&#8230;.  Et voici le Jour J ! <\/em><\/p>\n\n\n\n<p class=\"has-normal-font-size\"><em>Le l\u00e2ch\u00e9 prise&#8230;.. passer dans les mains de Delphine C avec un certain Vertige&#8230;Puis la d\u00e9couverte de moi-m\u00eame reste un moment inoubliable, moi je pouvais d\u00e9gager de la Beaut\u00e9 ? Waouh !  <\/em><\/p>\n\n\n\n<p class=\"has-normal-font-size\"><em>Puis les tenues s&rsquo;enchainent, des Challenges, des fous rires, \u00eatre moi-m\u00eame, \u00eatre femme. Fin de s\u00e9ance \u00e9puis\u00e9e m&rsquo;a ravie. Retour \u00e0 la maison sur un petit nuage&#8230;.et pendant plusieurs jours, jusqu&rsquo;\u00e0 la d\u00e9couverte enfin quelques semaines apr\u00e8s le shooting.  <\/em><\/p>\n\n\n\n<p class=\"has-normal-font-size\"><em>Toujours avec le plus grand s\u00e9rieux et professionnalisme de Delphine DS, Elle m&rsquo;a guid\u00e9 et entour\u00e9 jusqu&rsquo;au bout sans jugement avec son oeil et son soucis du d\u00e9tail pour que je me vois belle. La d\u00e9couverte des images fut l&rsquo;accomplissement. <\/em><\/p>\n\n\n\n<p class=\"has-normal-font-size\"><em>Merci Delphine DS &amp; Delphine C, le regard des miens et leurs mots ont \u00e9galement \u00e9t\u00e9 pour moi un accomplissement. <\/em><\/p>\n\n\n\n<p class=\"has-normal-font-size\"><em>Les filles, je vous souhaite une longue vie&#8230;et de continuer ainsi votre mission de \u00ab\u00a0Sublimer les Femmes\u00a0\u00bb<\/em> <\/p>\n\n\n\n<p class=\"has-normal-font-size\"> ~~~ C\u00e9line ~~~ <\/p>\n\n\n\n<figure class=\"wp-block-gallery columns-1 is-cropped wp-block-gallery-1 is-layout-flex wp-block-gallery-is-layout-flex\"><ul class=\"blocks-gallery-grid\"><li class=\"blocks-gallery-item\"><figure><img loading=\"lazy\" decoding=\"async\" width=\"817\" height=\"1224\" src=\"https:\/\/mademoiselleglamour.fr\/studio\/wp-content\/uploads\/2020\/04\/seance-glamour-boudoir-valence-montelimar-02.jpg\" alt=\"\" data-id=\"6541\" data-full-url=\"https:\/\/mademoiselleglamour.fr\/studio\/wp-content\/uploads\/2020\/04\/seance-glamour-boudoir-valence-montelimar-02.jpg\" data-link=\"https:\/\/mademoiselleglamour.fr\/studio\/arrivee-a-mes-40-ans-il-etait-temps-dassumer-enfin-le-retour-de-mon-image-seance-photo-glamour-celine\/seance-glamour-boudoir-valence-montelimar-02\/\" class=\"wp-image-6541\"\/><\/figure><\/li><li class=\"blocks-gallery-item\"><figure><img loading=\"lazy\" decoding=\"async\" width=\"817\" height=\"1224\" src=\"https:\/\/mademoiselleglamour.fr\/studio\/wp-content\/uploads\/2020\/04\/seance-glamour-boudoir-valence-montelimar-05.jpg\" alt=\"\" data-id=\"6542\" data-full-url=\"https:\/\/mademoiselleglamour.fr\/studio\/wp-content\/uploads\/2020\/04\/seance-glamour-boudoir-valence-montelimar-05.jpg\" data-link=\"https:\/\/mademoiselleglamour.fr\/studio\/arrivee-a-mes-40-ans-il-etait-temps-dassumer-enfin-le-retour-de-mon-image-seance-photo-glamour-celine\/seance-glamour-boudoir-valence-montelimar-05\/\" class=\"wp-image-6542\"\/><\/figure><\/li><li class=\"blocks-gallery-item\"><figure><img loading=\"lazy\" decoding=\"async\" width=\"817\" height=\"1224\" src=\"https:\/\/mademoiselleglamour.fr\/studio\/wp-content\/uploads\/2020\/04\/seance-glamour-boudoir-valence-montelimar-06.jpg\" alt=\"\" data-id=\"6543\" data-full-url=\"https:\/\/mademoiselleglamour.fr\/studio\/wp-content\/uploads\/2020\/04\/seance-glamour-boudoir-valence-montelimar-06.jpg\" data-link=\"https:\/\/mademoiselleglamour.fr\/studio\/arrivee-a-mes-40-ans-il-etait-temps-dassumer-enfin-le-retour-de-mon-image-seance-photo-glamour-celine\/seance-glamour-boudoir-valence-montelimar-06\/\" class=\"wp-image-6543\"\/><\/figure><\/li><li class=\"blocks-gallery-item\"><figure><img loading=\"lazy\" decoding=\"async\" width=\"817\" height=\"1224\" src=\"https:\/\/mademoiselleglamour.fr\/studio\/wp-content\/uploads\/2020\/04\/seance-glamour-boudoir-valence-montelimar-10.jpg\" alt=\"\" data-id=\"6544\" data-full-url=\"https:\/\/mademoiselleglamour.fr\/studio\/wp-content\/uploads\/2020\/04\/seance-glamour-boudoir-valence-montelimar-10.jpg\" data-link=\"https:\/\/mademoiselleglamour.fr\/studio\/arrivee-a-mes-40-ans-il-etait-temps-dassumer-enfin-le-retour-de-mon-image-seance-photo-glamour-celine\/seance-glamour-boudoir-valence-montelimar-10\/\" class=\"wp-image-6544\"\/><\/figure><\/li><li class=\"blocks-gallery-item\"><figure><img loading=\"lazy\" decoding=\"async\" width=\"817\" height=\"1224\" src=\"https:\/\/mademoiselleglamour.fr\/studio\/wp-content\/uploads\/2020\/04\/seance-glamour-boudoir-valence-montelimar-11.jpg\" alt=\"\" data-id=\"6545\" data-full-url=\"https:\/\/mademoiselleglamour.fr\/studio\/wp-content\/uploads\/2020\/04\/seance-glamour-boudoir-valence-montelimar-11.jpg\" data-link=\"https:\/\/mademoiselleglamour.fr\/studio\/arrivee-a-mes-40-ans-il-etait-temps-dassumer-enfin-le-retour-de-mon-image-seance-photo-glamour-celine\/seance-glamour-boudoir-valence-montelimar-11\/\" class=\"wp-image-6545\"\/><\/figure><\/li><li class=\"blocks-gallery-item\"><figure><img loading=\"lazy\" decoding=\"async\" width=\"2560\" height=\"2150\" src=\"https:\/\/mademoiselleglamour.fr\/studio\/wp-content\/uploads\/2020\/04\/seance-glamour-boudoir-valence-montelimar-13-scaled.jpg\" alt=\"\" data-id=\"6546\" data-full-url=\"https:\/\/mademoiselleglamour.fr\/studio\/wp-content\/uploads\/2020\/04\/seance-glamour-boudoir-valence-montelimar-13-scaled.jpg\" data-link=\"https:\/\/mademoiselleglamour.fr\/studio\/arrivee-a-mes-40-ans-il-etait-temps-dassumer-enfin-le-retour-de-mon-image-seance-photo-glamour-celine\/seance-glamour-boudoir-valence-montelimar-13\/\" class=\"wp-image-6546\"\/><\/figure><\/li><\/ul><\/figure>\n","protected":false},"excerpt":{"rendered":"<p>\u00ab\u00a0Au d\u00e9part juste une envie, et ce moment fut transform\u00e9 en D\u00e9fi ! Arriv\u00e9e \u00e0 mes 40 ans, il \u00e9tait temps d&rsquo;assumer enfin le retour de mon image, mes formes plus ou moins avantageuses, mon joli minois \u00e0 plusieurs facettes&#8230;.. [&hellip;]<\/p>\n","protected":false},"author":2,"featured_media":4857,"comment_status":"closed","ping_status":"closed","sticky":false,"template":"","format":"standard","meta":{"_acf_changed":false,"_monsterinsights_skip_tracking":false,"_monsterinsights_sitenote_active":false,"_monsterinsights_sitenote_note":"","_monsterinsights_sitenote_category":0,"footnotes":""},"categories":[2,8,487,346,347],"tags":[75,76,264],"class_list":["post-4706","post","type-post","status-publish","format-standard","has-post-thumbnail","hentry","category-dernieres-seances","category-glamour","category-temoignage","category-videos","category-videos-seances-videos","tag-glamour-lyon","tag-glamour-saint-etienne","tag-seance-photo-lyon"],"acf":[],"yoast_head":"<!-- This site is optimized with the Yoast SEO plugin v27.2 - https:\/\/yoast.com\/product\/yoast-seo-wordpress\/ -->\n<title>&quot;Arriv\u00e9e \u00e0 mes 40 ans, il \u00e9tait temps d&#039;assumer ENFIN le retour de mon image ...&quot; - Delphine Dos Santos STUDIO | \u00a9Delphine Dos Santos Artiste Photographe<\/title>\n<meta name=\"robots\" content=\"index, follow, max-snippet:-1, max-image-preview:large, max-video-preview:-1\" \/>\n<link rel=\"canonical\" href=\"https:\/\/mademoiselleglamour.fr\/studio\/arrivee-a-mes-40-ans-il-etait-temps-dassumer-enfin-le-retour-de-mon-image-seance-photo-glamour-celine\/\" \/>\n<meta property=\"og:locale\" content=\"fr_FR\" \/>\n<meta property=\"og:type\" content=\"article\" \/>\n<meta property=\"og:title\" content=\"&quot;Arriv\u00e9e \u00e0 mes 40 ans, il \u00e9tait temps d&#039;assumer ENFIN le retour de mon image ...&quot; - Delphine Dos Santos STUDIO | \u00a9Delphine Dos Santos Artiste Photographe\" \/>\n<meta property=\"og:description\" content=\"\u00ab\u00a0Au d\u00e9part juste une envie, et ce moment fut transform\u00e9 en D\u00e9fi ! Arriv\u00e9e \u00e0 mes 40 ans, il \u00e9tait temps d&rsquo;assumer enfin le retour de mon image, mes formes plus ou moins avantageuses, mon joli minois \u00e0 plusieurs facettes&#8230;.. [&hellip;]\" \/>\n<meta property=\"og:url\" content=\"https:\/\/mademoiselleglamour.fr\/studio\/arrivee-a-mes-40-ans-il-etait-temps-dassumer-enfin-le-retour-de-mon-image-seance-photo-glamour-celine\/\" \/>\n<meta property=\"og:site_name\" content=\"Delphine Dos Santos STUDIO | \u00a9Delphine Dos Santos Artiste Photographe\" \/>\n<meta property=\"article:published_time\" content=\"2018-04-05T13:07:34+00:00\" \/>\n<meta property=\"article:modified_time\" content=\"2020-12-10T08:00:30+00:00\" \/>\n<meta property=\"og:image\" content=\"https:\/\/mademoiselleglamour.fr\/studio\/wp-content\/uploads\/2019\/04\/AVANT-APRES-CelineP-1024x860.jpg\" \/>\n\t<meta property=\"og:image:width\" content=\"1024\" \/>\n\t<meta property=\"og:image:height\" content=\"860\" \/>\n\t<meta property=\"og:image:type\" content=\"image\/jpeg\" \/>\n<meta name=\"author\" content=\"Delphine DS\" \/>\n<meta name=\"twitter:card\" content=\"summary_large_image\" \/>\n<meta name=\"twitter:label1\" content=\"\u00c9crit par\" \/>\n\t<meta name=\"twitter:data1\" content=\"Delphine DS\" \/>\n\t<meta name=\"twitter:label2\" content=\"Dur\u00e9e de lecture estim\u00e9e\" \/>\n\t<meta name=\"twitter:data2\" content=\"1 minute\" \/>\n<script type=\"application\/ld+json\" class=\"yoast-schema-graph\">{\"@context\":\"https:\/\/schema.org\",\"@graph\":[{\"@type\":\"Article\",\"@id\":\"https:\/\/mademoiselleglamour.fr\/studio\/arrivee-a-mes-40-ans-il-etait-temps-dassumer-enfin-le-retour-de-mon-image-seance-photo-glamour-celine\/#article\",\"isPartOf\":{\"@id\":\"https:\/\/mademoiselleglamour.fr\/studio\/arrivee-a-mes-40-ans-il-etait-temps-dassumer-enfin-le-retour-de-mon-image-seance-photo-glamour-celine\/\"},\"author\":{\"name\":\"Delphine DS\",\"@id\":\"https:\/\/mademoiselleglamour.fr\/studio\/#\/schema\/person\/7d85253c8678e95ac62800e2a2daa152\"},\"headline\":\"\u00ab\u00a0Arriv\u00e9e \u00e0 mes 40 ans, il \u00e9tait temps d&rsquo;assumer ENFIN le retour de mon image &#8230;\u00a0\u00bb\",\"datePublished\":\"2018-04-05T13:07:34+00:00\",\"dateModified\":\"2020-12-10T08:00:30+00:00\",\"mainEntityOfPage\":{\"@id\":\"https:\/\/mademoiselleglamour.fr\/studio\/arrivee-a-mes-40-ans-il-etait-temps-dassumer-enfin-le-retour-de-mon-image-seance-photo-glamour-celine\/\"},\"wordCount\":280,\"image\":{\"@id\":\"https:\/\/mademoiselleglamour.fr\/studio\/arrivee-a-mes-40-ans-il-etait-temps-dassumer-enfin-le-retour-de-mon-image-seance-photo-glamour-celine\/#primaryimage\"},\"thumbnailUrl\":\"https:\/\/mademoiselleglamour.fr\/studio\/wp-content\/uploads\/2019\/04\/AVANT-APRES-CelineP-1024x860.jpg\",\"keywords\":[\"glamour lyon\",\"glamour saint etienne\",\"seance photo lyon\"],\"articleSection\":[\"Derni\u00e8res S\u00e9ances\",\"LA FEMME GLAMOUR\",\"T\u00e9moignage\",\"Vid\u00e9os\",\"Vid\u00e9os S\u00e9ances\"],\"inLanguage\":\"fr-FR\"},{\"@type\":\"WebPage\",\"@id\":\"https:\/\/mademoiselleglamour.fr\/studio\/arrivee-a-mes-40-ans-il-etait-temps-dassumer-enfin-le-retour-de-mon-image-seance-photo-glamour-celine\/\",\"url\":\"https:\/\/mademoiselleglamour.fr\/studio\/arrivee-a-mes-40-ans-il-etait-temps-dassumer-enfin-le-retour-de-mon-image-seance-photo-glamour-celine\/\",\"name\":\"\\\"Arriv\u00e9e \u00e0 mes 40 ans, il \u00e9tait temps d'assumer ENFIN le retour de mon image ...\\\" - Delphine Dos Santos STUDIO | \u00a9Delphine Dos Santos Artiste Photographe\",\"isPartOf\":{\"@id\":\"https:\/\/mademoiselleglamour.fr\/studio\/#website\"},\"primaryImageOfPage\":{\"@id\":\"https:\/\/mademoiselleglamour.fr\/studio\/arrivee-a-mes-40-ans-il-etait-temps-dassumer-enfin-le-retour-de-mon-image-seance-photo-glamour-celine\/#primaryimage\"},\"image\":{\"@id\":\"https:\/\/mademoiselleglamour.fr\/studio\/arrivee-a-mes-40-ans-il-etait-temps-dassumer-enfin-le-retour-de-mon-image-seance-photo-glamour-celine\/#primaryimage\"},\"thumbnailUrl\":\"https:\/\/mademoiselleglamour.fr\/studio\/wp-content\/uploads\/2019\/04\/AVANT-APRES-CelineP-1024x860.jpg\",\"datePublished\":\"2018-04-05T13:07:34+00:00\",\"dateModified\":\"2020-12-10T08:00:30+00:00\",\"author\":{\"@id\":\"https:\/\/mademoiselleglamour.fr\/studio\/#\/schema\/person\/7d85253c8678e95ac62800e2a2daa152\"},\"breadcrumb\":{\"@id\":\"https:\/\/mademoiselleglamour.fr\/studio\/arrivee-a-mes-40-ans-il-etait-temps-dassumer-enfin-le-retour-de-mon-image-seance-photo-glamour-celine\/#breadcrumb\"},\"inLanguage\":\"fr-FR\",\"potentialAction\":[{\"@type\":\"ReadAction\",\"target\":[\"https:\/\/mademoiselleglamour.fr\/studio\/arrivee-a-mes-40-ans-il-etait-temps-dassumer-enfin-le-retour-de-mon-image-seance-photo-glamour-celine\/\"]}]},{\"@type\":\"ImageObject\",\"inLanguage\":\"fr-FR\",\"@id\":\"https:\/\/mademoiselleglamour.fr\/studio\/arrivee-a-mes-40-ans-il-etait-temps-dassumer-enfin-le-retour-de-mon-image-seance-photo-glamour-celine\/#primaryimage\",\"url\":\"https:\/\/mademoiselleglamour.fr\/studio\/wp-content\/uploads\/2019\/04\/AVANT-APRES-CelineP-1024x860.jpg\",\"contentUrl\":\"https:\/\/mademoiselleglamour.fr\/studio\/wp-content\/uploads\/2019\/04\/AVANT-APRES-CelineP-1024x860.jpg\",\"width\":1024,\"height\":860},{\"@type\":\"BreadcrumbList\",\"@id\":\"https:\/\/mademoiselleglamour.fr\/studio\/arrivee-a-mes-40-ans-il-etait-temps-dassumer-enfin-le-retour-de-mon-image-seance-photo-glamour-celine\/#breadcrumb\",\"itemListElement\":[{\"@type\":\"ListItem\",\"position\":1,\"name\":\"Accueil\",\"item\":\"https:\/\/mademoiselleglamour.fr\/studio\/\"},{\"@type\":\"ListItem\",\"position\":2,\"name\":\"\u00ab\u00a0Arriv\u00e9e \u00e0 mes 40 ans, il \u00e9tait temps d&rsquo;assumer ENFIN le retour de mon image &#8230;\u00a0\u00bb\"}]},{\"@type\":\"WebSite\",\"@id\":\"https:\/\/mademoiselleglamour.fr\/studio\/#website\",\"url\":\"https:\/\/mademoiselleglamour.fr\/studio\/\",\"name\":\"Delphine Dos Santos STUDIO | \u00a9Delphine Dos Santos Artiste Photographe\",\"description\":\"Portraits Artistiques &amp; Glamour pour les Femmes | Sublimer chaque Femme comme une Oeuvre d&#039;Art\",\"potentialAction\":[{\"@type\":\"SearchAction\",\"target\":{\"@type\":\"EntryPoint\",\"urlTemplate\":\"https:\/\/mademoiselleglamour.fr\/studio\/?s={search_term_string}\"},\"query-input\":{\"@type\":\"PropertyValueSpecification\",\"valueRequired\":true,\"valueName\":\"search_term_string\"}}],\"inLanguage\":\"fr-FR\"},{\"@type\":\"Person\",\"@id\":\"https:\/\/mademoiselleglamour.fr\/studio\/#\/schema\/person\/7d85253c8678e95ac62800e2a2daa152\",\"name\":\"Delphine DS\",\"image\":{\"@type\":\"ImageObject\",\"inLanguage\":\"fr-FR\",\"@id\":\"https:\/\/secure.gravatar.com\/avatar\/?s=96&d=mm&r=g\",\"url\":\"https:\/\/secure.gravatar.com\/avatar\/?s=96&d=mm&r=g\",\"contentUrl\":\"https:\/\/secure.gravatar.com\/avatar\/?s=96&d=mm&r=g\",\"caption\":\"Delphine DS\"},\"url\":\"https:\/\/mademoiselleglamour.fr\/studio\/author\/delphine-ds\/\"}]}<\/script>\n<!-- \/ Yoast SEO plugin. -->","yoast_head_json":{"title":"\"Arriv\u00e9e \u00e0 mes 40 ans, il \u00e9tait temps d'assumer ENFIN le retour de mon image ...\" - Delphine Dos Santos STUDIO | \u00a9Delphine Dos Santos Artiste Photographe","robots":{"index":"index","follow":"follow","max-snippet":"max-snippet:-1","max-image-preview":"max-image-preview:large","max-video-preview":"max-video-preview:-1"},"canonical":"https:\/\/mademoiselleglamour.fr\/studio\/arrivee-a-mes-40-ans-il-etait-temps-dassumer-enfin-le-retour-de-mon-image-seance-photo-glamour-celine\/","og_locale":"fr_FR","og_type":"article","og_title":"\"Arriv\u00e9e \u00e0 mes 40 ans, il \u00e9tait temps d'assumer ENFIN le retour de mon image ...\" - Delphine Dos Santos STUDIO | \u00a9Delphine Dos Santos Artiste Photographe","og_description":"\u00ab\u00a0Au d\u00e9part juste une envie, et ce moment fut transform\u00e9 en D\u00e9fi ! Arriv\u00e9e \u00e0 mes 40 ans, il \u00e9tait temps d&rsquo;assumer enfin le retour de mon image, mes formes plus ou moins avantageuses, mon joli minois \u00e0 plusieurs facettes&#8230;.. [&hellip;]","og_url":"https:\/\/mademoiselleglamour.fr\/studio\/arrivee-a-mes-40-ans-il-etait-temps-dassumer-enfin-le-retour-de-mon-image-seance-photo-glamour-celine\/","og_site_name":"Delphine Dos Santos STUDIO | \u00a9Delphine Dos Santos Artiste Photographe","article_published_time":"2018-04-05T13:07:34+00:00","article_modified_time":"2020-12-10T08:00:30+00:00","og_image":[{"width":1024,"height":860,"url":"https:\/\/mademoiselleglamour.fr\/studio\/wp-content\/uploads\/2019\/04\/AVANT-APRES-CelineP-1024x860.jpg","type":"image\/jpeg"}],"author":"Delphine DS","twitter_card":"summary_large_image","twitter_misc":{"\u00c9crit par":"Delphine DS","Dur\u00e9e de lecture estim\u00e9e":"1 minute"},"schema":{"@context":"https:\/\/schema.org","@graph":[{"@type":"Article","@id":"https:\/\/mademoiselleglamour.fr\/studio\/arrivee-a-mes-40-ans-il-etait-temps-dassumer-enfin-le-retour-de-mon-image-seance-photo-glamour-celine\/#article","isPartOf":{"@id":"https:\/\/mademoiselleglamour.fr\/studio\/arrivee-a-mes-40-ans-il-etait-temps-dassumer-enfin-le-retour-de-mon-image-seance-photo-glamour-celine\/"},"author":{"name":"Delphine DS","@id":"https:\/\/mademoiselleglamour.fr\/studio\/#\/schema\/person\/7d85253c8678e95ac62800e2a2daa152"},"headline":"\u00ab\u00a0Arriv\u00e9e \u00e0 mes 40 ans, il \u00e9tait temps d&rsquo;assumer ENFIN le retour de mon image &#8230;\u00a0\u00bb","datePublished":"2018-04-05T13:07:34+00:00","dateModified":"2020-12-10T08:00:30+00:00","mainEntityOfPage":{"@id":"https:\/\/mademoiselleglamour.fr\/studio\/arrivee-a-mes-40-ans-il-etait-temps-dassumer-enfin-le-retour-de-mon-image-seance-photo-glamour-celine\/"},"wordCount":280,"image":{"@id":"https:\/\/mademoiselleglamour.fr\/studio\/arrivee-a-mes-40-ans-il-etait-temps-dassumer-enfin-le-retour-de-mon-image-seance-photo-glamour-celine\/#primaryimage"},"thumbnailUrl":"https:\/\/mademoiselleglamour.fr\/studio\/wp-content\/uploads\/2019\/04\/AVANT-APRES-CelineP-1024x860.jpg","keywords":["glamour lyon","glamour saint etienne","seance photo lyon"],"articleSection":["Derni\u00e8res S\u00e9ances","LA FEMME GLAMOUR","T\u00e9moignage","Vid\u00e9os","Vid\u00e9os S\u00e9ances"],"inLanguage":"fr-FR"},{"@type":"WebPage","@id":"https:\/\/mademoiselleglamour.fr\/studio\/arrivee-a-mes-40-ans-il-etait-temps-dassumer-enfin-le-retour-de-mon-image-seance-photo-glamour-celine\/","url":"https:\/\/mademoiselleglamour.fr\/studio\/arrivee-a-mes-40-ans-il-etait-temps-dassumer-enfin-le-retour-de-mon-image-seance-photo-glamour-celine\/","name":"\"Arriv\u00e9e \u00e0 mes 40 ans, il \u00e9tait temps d'assumer ENFIN le retour de mon image ...\" - Delphine Dos Santos STUDIO | \u00a9Delphine Dos Santos Artiste Photographe","isPartOf":{"@id":"https:\/\/mademoiselleglamour.fr\/studio\/#website"},"primaryImageOfPage":{"@id":"https:\/\/mademoiselleglamour.fr\/studio\/arrivee-a-mes-40-ans-il-etait-temps-dassumer-enfin-le-retour-de-mon-image-seance-photo-glamour-celine\/#primaryimage"},"image":{"@id":"https:\/\/mademoiselleglamour.fr\/studio\/arrivee-a-mes-40-ans-il-etait-temps-dassumer-enfin-le-retour-de-mon-image-seance-photo-glamour-celine\/#primaryimage"},"thumbnailUrl":"https:\/\/mademoiselleglamour.fr\/studio\/wp-content\/uploads\/2019\/04\/AVANT-APRES-CelineP-1024x860.jpg","datePublished":"2018-04-05T13:07:34+00:00","dateModified":"2020-12-10T08:00:30+00:00","author":{"@id":"https:\/\/mademoiselleglamour.fr\/studio\/#\/schema\/person\/7d85253c8678e95ac62800e2a2daa152"},"breadcrumb":{"@id":"https:\/\/mademoiselleglamour.fr\/studio\/arrivee-a-mes-40-ans-il-etait-temps-dassumer-enfin-le-retour-de-mon-image-seance-photo-glamour-celine\/#breadcrumb"},"inLanguage":"fr-FR","potentialAction":[{"@type":"ReadAction","target":["https:\/\/mademoiselleglamour.fr\/studio\/arrivee-a-mes-40-ans-il-etait-temps-dassumer-enfin-le-retour-de-mon-image-seance-photo-glamour-celine\/"]}]},{"@type":"ImageObject","inLanguage":"fr-FR","@id":"https:\/\/mademoiselleglamour.fr\/studio\/arrivee-a-mes-40-ans-il-etait-temps-dassumer-enfin-le-retour-de-mon-image-seance-photo-glamour-celine\/#primaryimage","url":"https:\/\/mademoiselleglamour.fr\/studio\/wp-content\/uploads\/2019\/04\/AVANT-APRES-CelineP-1024x860.jpg","contentUrl":"https:\/\/mademoiselleglamour.fr\/studio\/wp-content\/uploads\/2019\/04\/AVANT-APRES-CelineP-1024x860.jpg","width":1024,"height":860},{"@type":"BreadcrumbList","@id":"https:\/\/mademoiselleglamour.fr\/studio\/arrivee-a-mes-40-ans-il-etait-temps-dassumer-enfin-le-retour-de-mon-image-seance-photo-glamour-celine\/#breadcrumb","itemListElement":[{"@type":"ListItem","position":1,"name":"Accueil","item":"https:\/\/mademoiselleglamour.fr\/studio\/"},{"@type":"ListItem","position":2,"name":"\u00ab\u00a0Arriv\u00e9e \u00e0 mes 40 ans, il \u00e9tait temps d&rsquo;assumer ENFIN le retour de mon image &#8230;\u00a0\u00bb"}]},{"@type":"WebSite","@id":"https:\/\/mademoiselleglamour.fr\/studio\/#website","url":"https:\/\/mademoiselleglamour.fr\/studio\/","name":"Delphine Dos Santos STUDIO | \u00a9Delphine Dos Santos Artiste Photographe","description":"Portraits Artistiques &amp; Glamour pour les Femmes | Sublimer chaque Femme comme une Oeuvre d&#039;Art","potentialAction":[{"@type":"SearchAction","target":{"@type":"EntryPoint","urlTemplate":"https:\/\/mademoiselleglamour.fr\/studio\/?s={search_term_string}"},"query-input":{"@type":"PropertyValueSpecification","valueRequired":true,"valueName":"search_term_string"}}],"inLanguage":"fr-FR"},{"@type":"Person","@id":"https:\/\/mademoiselleglamour.fr\/studio\/#\/schema\/person\/7d85253c8678e95ac62800e2a2daa152","name":"Delphine DS","image":{"@type":"ImageObject","inLanguage":"fr-FR","@id":"https:\/\/secure.gravatar.com\/avatar\/?s=96&d=mm&r=g","url":"https:\/\/secure.gravatar.com\/avatar\/?s=96&d=mm&r=g","contentUrl":"https:\/\/secure.gravatar.com\/avatar\/?s=96&d=mm&r=g","caption":"Delphine DS"},"url":"https:\/\/mademoiselleglamour.fr\/studio\/author\/delphine-ds\/"}]}},"_links":{"self":[{"href":"https:\/\/mademoiselleglamour.fr\/studio\/wp-json\/wp\/v2\/posts\/4706","targetHints":{"allow":["GET"]}}],"collection":[{"href":"https:\/\/mademoiselleglamour.fr\/studio\/wp-json\/wp\/v2\/posts"}],"about":[{"href":"https:\/\/mademoiselleglamour.fr\/studio\/wp-json\/wp\/v2\/types\/post"}],"author":[{"embeddable":true,"href":"https:\/\/mademoiselleglamour.fr\/studio\/wp-json\/wp\/v2\/users\/2"}],"replies":[{"embeddable":true,"href":"https:\/\/mademoiselleglamour.fr\/studio\/wp-json\/wp\/v2\/comments?post=4706"}],"version-history":[{"count":8,"href":"https:\/\/mademoiselleglamour.fr\/studio\/wp-json\/wp\/v2\/posts\/4706\/revisions"}],"predecessor-version":[{"id":6915,"href":"https:\/\/mademoiselleglamour.fr\/studio\/wp-json\/wp\/v2\/posts\/4706\/revisions\/6915"}],"wp:featuredmedia":[{"embeddable":true,"href":"https:\/\/mademoiselleglamour.fr\/studio\/wp-json\/wp\/v2\/media\/4857"}],"wp:attachment":[{"href":"https:\/\/mademoiselleglamour.fr\/studio\/wp-json\/wp\/v2\/media?parent=4706"}],"wp:term":[{"taxonomy":"category","embeddable":true,"href":"https:\/\/mademoiselleglamour.fr\/studio\/wp-json\/wp\/v2\/categories?post=4706"},{"taxonomy":"post_tag","embeddable":true,"href":"https:\/\/mademoiselleglamour.fr\/studio\/wp-json\/wp\/v2\/tags?post=4706"}],"curies":[{"name":"wp","href":"https:\/\/api.w.org\/{rel}","templated":true}]}}