{"id":7942,"date":"2020-01-20T21:42:00","date_gmt":"2020-01-20T20:42:00","guid":{"rendered":"http:\/\/mademoiselleglamour.fr\/studio\/?p=7942"},"modified":"2020-12-10T08:50:17","modified_gmt":"2020-12-10T07:50:17","slug":"jai-reellement-ose-me-mettre-a-nue-au-sens-propre-comme-au-sens-figure","status":"publish","type":"post","link":"https:\/\/mademoiselleglamour.fr\/studio\/jai-reellement-ose-me-mettre-a-nue-au-sens-propre-comme-au-sens-figure\/","title":{"rendered":"\u00ab J\u2019ai r\u00e9ellement os\u00e9 me mettre \u00e0 nue au sens propre comme au sens figur\u00e9 \u00bb"},"content":{"rendered":"\n<iframe loading=\"lazy\" width=\"280\" height=\"180\" src=\"https:\/\/www.youtube.com\/embed\/421bCSvUxa4\" frameborder=\"0\" allow=\"accelerometer; autoplay; encrypted-media; gyroscope; picture-in-picture\" allowfullscreen=\"\"><\/iframe>\n\n\n\n<p class=\"has-normal-font-size\"><em>\u00ab&nbsp;Une envie, un d\u00e9fi, un temps pour moi, un besoin m\u00eame apr\u00e8s une p\u00e9riode difficile\u2026Alors oui Pourquoi pas moi&nbsp;?&nbsp; Une arriv\u00e9e au Studio avec la boule au ventre comme avant un examen, un accueil d\u2019une douceur sans nom, bel \u00e9change avec deux femmes magnifiques. Coiffure, maquillage, les diff\u00e9rentes tenues, les poses, tout s\u2019encha\u00eene\u2026La boule au ventre a laiss\u00e9 place \u00e0 un bien-\u00eatre total, un \u00e9panouissement, c\u2019est ma Journ\u00e9e&nbsp;! Le temps s\u2019arr\u00eate, on ne sort pas de cette s\u00e9ance comme on t est rentr\u00e9. Quelques semaines plus tard, la d\u00e9couverte des photos\u2026Waouh&nbsp;! \u2026\u2026Mais c\u2019est vraiment moi\u2026&nbsp;! J\u2019ai r\u00e9ellement os\u00e9 faire \u00e7a, me mettre \u00e0 nue au sens propre comme au sens figur\u00e9&nbsp;! Votre travail est remarquable, vous avez su me mettre en valeur et me faire voyager le temps d\u2019une journ\u00e9e.<\/em><\/p>\n\n\n\n<p class=\"has-normal-font-size\"><em>Merci pour Tout&nbsp;!&nbsp;\u00bb<\/em><\/p>\n\n\n\n<p class=\"has-normal-font-size\">~~~Barbara~~~<\/p>\n\n\n\n<figure class=\"wp-block-gallery columns-1 is-cropped wp-block-gallery-1 is-layout-flex wp-block-gallery-is-layout-flex\"><ul class=\"blocks-gallery-grid\"><li class=\"blocks-gallery-item\"><figure><img loading=\"lazy\" decoding=\"async\" width=\"1176\" height=\"1763\" src=\"https:\/\/mademoiselleglamour.fr\/studio\/wp-content\/uploads\/2020\/04\/s\u00e9ance-photo-glamour-photographe-geneve-01.jpg\" alt=\"\" data-id=\"7944\" data-full-url=\"https:\/\/mademoiselleglamour.fr\/studio\/wp-content\/uploads\/2020\/04\/s\u00e9ance-photo-glamour-photographe-geneve-01.jpg\" data-link=\"https:\/\/mademoiselleglamour.fr\/studio\/?attachment_id=7944\" class=\"wp-image-7944\"\/><\/figure><\/li><li class=\"blocks-gallery-item\"><figure><img loading=\"lazy\" decoding=\"async\" width=\"1763\" height=\"1176\" src=\"https:\/\/mademoiselleglamour.fr\/studio\/wp-content\/uploads\/2020\/04\/s\u00e9ance-photo-glamour-photographe-geneve-03.jpg\" alt=\"\" data-id=\"7945\" data-full-url=\"https:\/\/mademoiselleglamour.fr\/studio\/wp-content\/uploads\/2020\/04\/s\u00e9ance-photo-glamour-photographe-geneve-03.jpg\" data-link=\"https:\/\/mademoiselleglamour.fr\/studio\/?attachment_id=7945\" class=\"wp-image-7945\"\/><\/figure><\/li><li class=\"blocks-gallery-item\"><figure><img loading=\"lazy\" decoding=\"async\" width=\"1763\" height=\"1176\" src=\"https:\/\/mademoiselleglamour.fr\/studio\/wp-content\/uploads\/2020\/04\/s\u00e9ance-photo-glamour-photographe-geneve-04.jpg\" alt=\"\" data-id=\"7946\" data-full-url=\"https:\/\/mademoiselleglamour.fr\/studio\/wp-content\/uploads\/2020\/04\/s\u00e9ance-photo-glamour-photographe-geneve-04.jpg\" data-link=\"https:\/\/mademoiselleglamour.fr\/studio\/?attachment_id=7946\" class=\"wp-image-7946\"\/><\/figure><\/li><li class=\"blocks-gallery-item\"><figure><img loading=\"lazy\" decoding=\"async\" width=\"1763\" height=\"1176\" src=\"https:\/\/mademoiselleglamour.fr\/studio\/wp-content\/uploads\/2020\/04\/s\u00e9ance-photo-glamour-photographe-geneve-05.jpg\" alt=\"\" data-id=\"7947\" data-full-url=\"https:\/\/mademoiselleglamour.fr\/studio\/wp-content\/uploads\/2020\/04\/s\u00e9ance-photo-glamour-photographe-geneve-05.jpg\" data-link=\"https:\/\/mademoiselleglamour.fr\/studio\/?attachment_id=7947\" class=\"wp-image-7947\"\/><\/figure><\/li><li class=\"blocks-gallery-item\"><figure><img loading=\"lazy\" decoding=\"async\" width=\"1176\" height=\"1763\" src=\"https:\/\/mademoiselleglamour.fr\/studio\/wp-content\/uploads\/2020\/04\/s\u00e9ance-photo-glamour-photographe-geneve-06.jpg\" alt=\"\" data-id=\"7948\" data-full-url=\"https:\/\/mademoiselleglamour.fr\/studio\/wp-content\/uploads\/2020\/04\/s\u00e9ance-photo-glamour-photographe-geneve-06.jpg\" data-link=\"https:\/\/mademoiselleglamour.fr\/studio\/?attachment_id=7948\" class=\"wp-image-7948\"\/><\/figure><\/li><li class=\"blocks-gallery-item\"><figure><img loading=\"lazy\" decoding=\"async\" width=\"1176\" height=\"1763\" src=\"https:\/\/mademoiselleglamour.fr\/studio\/wp-content\/uploads\/2020\/04\/s\u00e9ance-photo-glamour-photographe-geneve-08.jpg\" alt=\"\" data-id=\"7949\" data-full-url=\"https:\/\/mademoiselleglamour.fr\/studio\/wp-content\/uploads\/2020\/04\/s\u00e9ance-photo-glamour-photographe-geneve-08.jpg\" data-link=\"https:\/\/mademoiselleglamour.fr\/studio\/?attachment_id=7949\" class=\"wp-image-7949\"\/><\/figure><\/li><li class=\"blocks-gallery-item\"><figure><img loading=\"lazy\" decoding=\"async\" width=\"1176\" height=\"1763\" src=\"https:\/\/mademoiselleglamour.fr\/studio\/wp-content\/uploads\/2020\/04\/s\u00e9ance-photo-glamour-photographe-geneve-11.jpg\" alt=\"\" data-id=\"7950\" data-full-url=\"https:\/\/mademoiselleglamour.fr\/studio\/wp-content\/uploads\/2020\/04\/s\u00e9ance-photo-glamour-photographe-geneve-11.jpg\" data-link=\"https:\/\/mademoiselleglamour.fr\/studio\/?attachment_id=7950\" class=\"wp-image-7950\"\/><\/figure><\/li><li class=\"blocks-gallery-item\"><figure><img loading=\"lazy\" decoding=\"async\" width=\"1176\" height=\"1763\" src=\"https:\/\/mademoiselleglamour.fr\/studio\/wp-content\/uploads\/2020\/04\/s\u00e9ance-photo-glamour-photographe-geneve-13.jpg\" alt=\"\" data-id=\"7951\" data-full-url=\"https:\/\/mademoiselleglamour.fr\/studio\/wp-content\/uploads\/2020\/04\/s\u00e9ance-photo-glamour-photographe-geneve-13.jpg\" data-link=\"https:\/\/mademoiselleglamour.fr\/studio\/?attachment_id=7951\" class=\"wp-image-7951\"\/><\/figure><\/li><li class=\"blocks-gallery-item\"><figure><img loading=\"lazy\" decoding=\"async\" width=\"1176\" height=\"1763\" src=\"https:\/\/mademoiselleglamour.fr\/studio\/wp-content\/uploads\/2020\/04\/s\u00e9ance-photo-glamour-photographe-geneve-15.jpg\" alt=\"\" data-id=\"7952\" data-full-url=\"https:\/\/mademoiselleglamour.fr\/studio\/wp-content\/uploads\/2020\/04\/s\u00e9ance-photo-glamour-photographe-geneve-15.jpg\" data-link=\"https:\/\/mademoiselleglamour.fr\/studio\/?attachment_id=7952\" class=\"wp-image-7952\"\/><\/figure><\/li><li class=\"blocks-gallery-item\"><figure><img loading=\"lazy\" decoding=\"async\" width=\"1176\" height=\"1763\" src=\"https:\/\/mademoiselleglamour.fr\/studio\/wp-content\/uploads\/2020\/04\/s\u00e9ance-photo-glamour-photographe-geneve-16.jpg\" alt=\"\" data-id=\"7953\" data-full-url=\"https:\/\/mademoiselleglamour.fr\/studio\/wp-content\/uploads\/2020\/04\/s\u00e9ance-photo-glamour-photographe-geneve-16.jpg\" data-link=\"https:\/\/mademoiselleglamour.fr\/studio\/?attachment_id=7953\" class=\"wp-image-7953\"\/><\/figure><\/li><li class=\"blocks-gallery-item\"><figure><img loading=\"lazy\" decoding=\"async\" width=\"1763\" height=\"1176\" src=\"https:\/\/mademoiselleglamour.fr\/studio\/wp-content\/uploads\/2020\/04\/s\u00e9ance-photo-glamour-photographe-geneve-17.jpg\" alt=\"\" data-id=\"7954\" data-full-url=\"https:\/\/mademoiselleglamour.fr\/studio\/wp-content\/uploads\/2020\/04\/s\u00e9ance-photo-glamour-photographe-geneve-17.jpg\" data-link=\"https:\/\/mademoiselleglamour.fr\/studio\/?attachment_id=7954\" class=\"wp-image-7954\"\/><\/figure><\/li><li class=\"blocks-gallery-item\"><figure><img loading=\"lazy\" decoding=\"async\" width=\"1176\" height=\"1763\" src=\"https:\/\/mademoiselleglamour.fr\/studio\/wp-content\/uploads\/2020\/04\/s\u00e9ance-photo-glamour-photographe-geneve-18.jpg\" alt=\"\" data-id=\"7955\" data-full-url=\"https:\/\/mademoiselleglamour.fr\/studio\/wp-content\/uploads\/2020\/04\/s\u00e9ance-photo-glamour-photographe-geneve-18.jpg\" data-link=\"https:\/\/mademoiselleglamour.fr\/studio\/?attachment_id=7955\" class=\"wp-image-7955\"\/><\/figure><\/li><li class=\"blocks-gallery-item\"><figure><img loading=\"lazy\" decoding=\"async\" width=\"1176\" height=\"1763\" src=\"https:\/\/mademoiselleglamour.fr\/studio\/wp-content\/uploads\/2020\/04\/s\u00e9ance-photo-glamour-photographe-geneve-19.jpg\" alt=\"\" data-id=\"7956\" data-full-url=\"https:\/\/mademoiselleglamour.fr\/studio\/wp-content\/uploads\/2020\/04\/s\u00e9ance-photo-glamour-photographe-geneve-19.jpg\" data-link=\"https:\/\/mademoiselleglamour.fr\/studio\/?attachment_id=7956\" class=\"wp-image-7956\"\/><\/figure><\/li><li class=\"blocks-gallery-item\"><figure><img loading=\"lazy\" decoding=\"async\" width=\"1176\" height=\"1763\" src=\"https:\/\/mademoiselleglamour.fr\/studio\/wp-content\/uploads\/2020\/04\/s\u00e9ance-photo-glamour-photographe-geneve-20.jpg\" alt=\"\" data-id=\"7957\" data-full-url=\"https:\/\/mademoiselleglamour.fr\/studio\/wp-content\/uploads\/2020\/04\/s\u00e9ance-photo-glamour-photographe-geneve-20.jpg\" data-link=\"https:\/\/mademoiselleglamour.fr\/studio\/?attachment_id=7957\" class=\"wp-image-7957\"\/><\/figure><\/li><li class=\"blocks-gallery-item\"><figure><img loading=\"lazy\" decoding=\"async\" width=\"1176\" height=\"1763\" src=\"https:\/\/mademoiselleglamour.fr\/studio\/wp-content\/uploads\/2020\/04\/s\u00e9ance-photo-glamour-photographe-geneve-21.jpg\" alt=\"\" data-id=\"7958\" data-full-url=\"https:\/\/mademoiselleglamour.fr\/studio\/wp-content\/uploads\/2020\/04\/s\u00e9ance-photo-glamour-photographe-geneve-21.jpg\" data-link=\"https:\/\/mademoiselleglamour.fr\/studio\/?attachment_id=7958\" class=\"wp-image-7958\"\/><\/figure><\/li><li class=\"blocks-gallery-item\"><figure><img loading=\"lazy\" decoding=\"async\" width=\"1176\" height=\"1763\" src=\"https:\/\/mademoiselleglamour.fr\/studio\/wp-content\/uploads\/2020\/04\/s\u00e9ance-photo-glamour-photographe-geneve-23.jpg\" alt=\"\" data-id=\"7959\" data-full-url=\"https:\/\/mademoiselleglamour.fr\/studio\/wp-content\/uploads\/2020\/04\/s\u00e9ance-photo-glamour-photographe-geneve-23.jpg\" data-link=\"https:\/\/mademoiselleglamour.fr\/studio\/?attachment_id=7959\" class=\"wp-image-7959\"\/><\/figure><\/li><li class=\"blocks-gallery-item\"><figure><img loading=\"lazy\" decoding=\"async\" width=\"1176\" height=\"1763\" src=\"https:\/\/mademoiselleglamour.fr\/studio\/wp-content\/uploads\/2020\/04\/s\u00e9ance-photo-glamour-photographe-geneve-24.jpg\" alt=\"\" data-id=\"7960\" data-full-url=\"https:\/\/mademoiselleglamour.fr\/studio\/wp-content\/uploads\/2020\/04\/s\u00e9ance-photo-glamour-photographe-geneve-24.jpg\" data-link=\"https:\/\/mademoiselleglamour.fr\/studio\/?attachment_id=7960\" class=\"wp-image-7960\"\/><\/figure><\/li><li class=\"blocks-gallery-item\"><figure><img loading=\"lazy\" decoding=\"async\" width=\"1176\" height=\"1763\" src=\"https:\/\/mademoiselleglamour.fr\/studio\/wp-content\/uploads\/2020\/04\/s\u00e9ance-photo-glamour-photographe-geneve-25.jpg\" alt=\"\" data-id=\"7961\" data-full-url=\"https:\/\/mademoiselleglamour.fr\/studio\/wp-content\/uploads\/2020\/04\/s\u00e9ance-photo-glamour-photographe-geneve-25.jpg\" data-link=\"https:\/\/mademoiselleglamour.fr\/studio\/?attachment_id=7961\" class=\"wp-image-7961\"\/><\/figure><\/li><li class=\"blocks-gallery-item\"><figure><img loading=\"lazy\" decoding=\"async\" width=\"1176\" height=\"1763\" src=\"https:\/\/mademoiselleglamour.fr\/studio\/wp-content\/uploads\/2020\/04\/s\u00e9ance-photo-glamour-photographe-geneve-26.jpg\" alt=\"\" data-id=\"7962\" data-full-url=\"https:\/\/mademoiselleglamour.fr\/studio\/wp-content\/uploads\/2020\/04\/s\u00e9ance-photo-glamour-photographe-geneve-26.jpg\" data-link=\"https:\/\/mademoiselleglamour.fr\/studio\/?attachment_id=7962\" class=\"wp-image-7962\"\/><\/figure><\/li><li class=\"blocks-gallery-item\"><figure><img loading=\"lazy\" decoding=\"async\" width=\"1763\" height=\"1176\" src=\"https:\/\/mademoiselleglamour.fr\/studio\/wp-content\/uploads\/2020\/04\/s\u00e9ance-photo-glamour-photographe-geneve-27.jpg\" alt=\"\" data-id=\"7963\" data-full-url=\"https:\/\/mademoiselleglamour.fr\/studio\/wp-content\/uploads\/2020\/04\/s\u00e9ance-photo-glamour-photographe-geneve-27.jpg\" data-link=\"https:\/\/mademoiselleglamour.fr\/studio\/?attachment_id=7963\" class=\"wp-image-7963\"\/><\/figure><\/li><li class=\"blocks-gallery-item\"><figure><img loading=\"lazy\" decoding=\"async\" width=\"2560\" height=\"2560\" src=\"https:\/\/mademoiselleglamour.fr\/studio\/wp-content\/uploads\/2020\/04\/s\u00e9ance-photo-glamour-photographe-geneve-28-scaled.jpg\" alt=\"\" data-id=\"7964\" data-full-url=\"https:\/\/mademoiselleglamour.fr\/studio\/wp-content\/uploads\/2020\/04\/s\u00e9ance-photo-glamour-photographe-geneve-28-scaled.jpg\" data-link=\"https:\/\/mademoiselleglamour.fr\/studio\/?attachment_id=7964\" class=\"wp-image-7964\"\/><\/figure><\/li><\/ul><\/figure>\n","protected":false},"excerpt":{"rendered":"<p>\u00ab&nbsp;Une envie, un d\u00e9fi, un temps pour moi, un besoin m\u00eame apr\u00e8s une p\u00e9riode difficile\u2026Alors oui Pourquoi pas moi&nbsp;?&nbsp; Une arriv\u00e9e au Studio avec la boule au ventre comme avant un examen, un accueil d\u2019une douceur sans nom, bel \u00e9change [&hellip;]<\/p>\n","protected":false},"author":1,"featured_media":7964,"comment_status":"closed","ping_status":"closed","sticky":false,"template":"","format":"standard","meta":{"_acf_changed":false,"_monsterinsights_skip_tracking":false,"_monsterinsights_sitenote_active":false,"_monsterinsights_sitenote_note":"","_monsterinsights_sitenote_category":0,"footnotes":""},"categories":[2,8,487,346,347],"tags":[115,121,130,150,363,188,202,214,246,358,256],"class_list":["post-7942","post","type-post","status-publish","format-standard","has-post-thumbnail","hentry","category-dernieres-seances","category-glamour","category-temoignage","category-videos","category-videos-seances-videos","tag-photo-glamour-geneve","tag-photo-nu-geneve","tag-photographe-boudoir-geneve","tag-photographe-glamour-geneve","tag-photographe-pour-les-femmes-geneve","tag-portrait-de-femmes-geneve","tag-portrait-geneve","tag-portraits-de-femmes-geneve","tag-seance-photo-boudoir-geneve","tag-seance-photo-geneve","tag-seance-photo-glamour-geneve"],"acf":[],"yoast_head":"<!-- This site is optimized with the Yoast SEO plugin v27.2 - https:\/\/yoast.com\/product\/yoast-seo-wordpress\/ -->\n<title>\u00ab J\u2019ai r\u00e9ellement os\u00e9 me mettre \u00e0 nue au sens propre comme au sens figur\u00e9 \u00bb - Delphine Dos Santos STUDIO | \u00a9Delphine Dos Santos Artiste Photographe<\/title>\n<meta name=\"robots\" content=\"index, follow, max-snippet:-1, max-image-preview:large, max-video-preview:-1\" \/>\n<link rel=\"canonical\" href=\"https:\/\/mademoiselleglamour.fr\/studio\/jai-reellement-ose-me-mettre-a-nue-au-sens-propre-comme-au-sens-figure\/\" \/>\n<meta property=\"og:locale\" content=\"fr_FR\" \/>\n<meta property=\"og:type\" content=\"article\" \/>\n<meta property=\"og:title\" content=\"\u00ab J\u2019ai r\u00e9ellement os\u00e9 me mettre \u00e0 nue au sens propre comme au sens figur\u00e9 \u00bb - Delphine Dos Santos STUDIO | \u00a9Delphine Dos Santos Artiste Photographe\" \/>\n<meta property=\"og:description\" content=\"\u00ab&nbsp;Une envie, un d\u00e9fi, un temps pour moi, un besoin m\u00eame apr\u00e8s une p\u00e9riode difficile\u2026Alors oui Pourquoi pas moi&nbsp;?&nbsp; Une arriv\u00e9e au Studio avec la boule au ventre comme avant un examen, un accueil d\u2019une douceur sans nom, bel \u00e9change [&hellip;]\" \/>\n<meta property=\"og:url\" content=\"https:\/\/mademoiselleglamour.fr\/studio\/jai-reellement-ose-me-mettre-a-nue-au-sens-propre-comme-au-sens-figure\/\" \/>\n<meta property=\"og:site_name\" content=\"Delphine Dos Santos STUDIO | \u00a9Delphine Dos Santos Artiste Photographe\" \/>\n<meta property=\"article:published_time\" content=\"2020-01-20T20:42:00+00:00\" \/>\n<meta property=\"article:modified_time\" content=\"2020-12-10T07:50:17+00:00\" \/>\n<meta property=\"og:image\" content=\"https:\/\/mademoiselleglamour.fr\/studio\/wp-content\/uploads\/2020\/04\/s\u00e9ance-photo-glamour-photographe-geneve-28-scaled.jpg\" \/>\n\t<meta property=\"og:image:width\" content=\"2560\" \/>\n\t<meta property=\"og:image:height\" content=\"2560\" \/>\n\t<meta property=\"og:image:type\" content=\"image\/jpeg\" \/>\n<meta name=\"author\" content=\"Delphine-Studio\" \/>\n<meta name=\"twitter:card\" content=\"summary_large_image\" \/>\n<meta name=\"twitter:label1\" content=\"\u00c9crit par\" \/>\n\t<meta name=\"twitter:data1\" content=\"Delphine-Studio\" \/>\n\t<meta name=\"twitter:label2\" content=\"Dur\u00e9e de lecture estim\u00e9e\" \/>\n\t<meta name=\"twitter:data2\" content=\"1 minute\" \/>\n<script type=\"application\/ld+json\" class=\"yoast-schema-graph\">{\"@context\":\"https:\/\/schema.org\",\"@graph\":[{\"@type\":\"Article\",\"@id\":\"https:\/\/mademoiselleglamour.fr\/studio\/jai-reellement-ose-me-mettre-a-nue-au-sens-propre-comme-au-sens-figure\/#article\",\"isPartOf\":{\"@id\":\"https:\/\/mademoiselleglamour.fr\/studio\/jai-reellement-ose-me-mettre-a-nue-au-sens-propre-comme-au-sens-figure\/\"},\"author\":{\"name\":\"Delphine-Studio\",\"@id\":\"https:\/\/mademoiselleglamour.fr\/studio\/#\/schema\/person\/17be9b4f38eb2e07ae8397be923fe3a6\"},\"headline\":\"\u00ab J\u2019ai r\u00e9ellement os\u00e9 me mettre \u00e0 nue au sens propre comme au sens figur\u00e9 \u00bb\",\"datePublished\":\"2020-01-20T20:42:00+00:00\",\"dateModified\":\"2020-12-10T07:50:17+00:00\",\"mainEntityOfPage\":{\"@id\":\"https:\/\/mademoiselleglamour.fr\/studio\/jai-reellement-ose-me-mettre-a-nue-au-sens-propre-comme-au-sens-figure\/\"},\"wordCount\":180,\"image\":{\"@id\":\"https:\/\/mademoiselleglamour.fr\/studio\/jai-reellement-ose-me-mettre-a-nue-au-sens-propre-comme-au-sens-figure\/#primaryimage\"},\"thumbnailUrl\":\"https:\/\/mademoiselleglamour.fr\/studio\/wp-content\/uploads\/2020\/04\/s\u00e9ance-photo-glamour-photographe-geneve-28-scaled.jpg\",\"keywords\":[\"photo glamour geneve\",\"photo nu geneve\",\"photographe boudoir geneve\",\"Photographe Glamour Geneve\",\"photographe pour les femmes geneve\",\"Portrait de Femmes geneve\",\"portrait geneve\",\"Portraits de Femmes Geneve\",\"seance photo boudoir geneve\",\"seance photo geneve\",\"seance photo glamour geneve\"],\"articleSection\":[\"Derni\u00e8res S\u00e9ances\",\"LA FEMME GLAMOUR\",\"T\u00e9moignage\",\"Vid\u00e9os\",\"Vid\u00e9os S\u00e9ances\"],\"inLanguage\":\"fr-FR\"},{\"@type\":\"WebPage\",\"@id\":\"https:\/\/mademoiselleglamour.fr\/studio\/jai-reellement-ose-me-mettre-a-nue-au-sens-propre-comme-au-sens-figure\/\",\"url\":\"https:\/\/mademoiselleglamour.fr\/studio\/jai-reellement-ose-me-mettre-a-nue-au-sens-propre-comme-au-sens-figure\/\",\"name\":\"\u00ab J\u2019ai r\u00e9ellement os\u00e9 me mettre \u00e0 nue au sens propre comme au sens figur\u00e9 \u00bb - Delphine Dos Santos STUDIO | \u00a9Delphine Dos Santos Artiste Photographe\",\"isPartOf\":{\"@id\":\"https:\/\/mademoiselleglamour.fr\/studio\/#website\"},\"primaryImageOfPage\":{\"@id\":\"https:\/\/mademoiselleglamour.fr\/studio\/jai-reellement-ose-me-mettre-a-nue-au-sens-propre-comme-au-sens-figure\/#primaryimage\"},\"image\":{\"@id\":\"https:\/\/mademoiselleglamour.fr\/studio\/jai-reellement-ose-me-mettre-a-nue-au-sens-propre-comme-au-sens-figure\/#primaryimage\"},\"thumbnailUrl\":\"https:\/\/mademoiselleglamour.fr\/studio\/wp-content\/uploads\/2020\/04\/s\u00e9ance-photo-glamour-photographe-geneve-28-scaled.jpg\",\"datePublished\":\"2020-01-20T20:42:00+00:00\",\"dateModified\":\"2020-12-10T07:50:17+00:00\",\"author\":{\"@id\":\"https:\/\/mademoiselleglamour.fr\/studio\/#\/schema\/person\/17be9b4f38eb2e07ae8397be923fe3a6\"},\"breadcrumb\":{\"@id\":\"https:\/\/mademoiselleglamour.fr\/studio\/jai-reellement-ose-me-mettre-a-nue-au-sens-propre-comme-au-sens-figure\/#breadcrumb\"},\"inLanguage\":\"fr-FR\",\"potentialAction\":[{\"@type\":\"ReadAction\",\"target\":[\"https:\/\/mademoiselleglamour.fr\/studio\/jai-reellement-ose-me-mettre-a-nue-au-sens-propre-comme-au-sens-figure\/\"]}]},{\"@type\":\"ImageObject\",\"inLanguage\":\"fr-FR\",\"@id\":\"https:\/\/mademoiselleglamour.fr\/studio\/jai-reellement-ose-me-mettre-a-nue-au-sens-propre-comme-au-sens-figure\/#primaryimage\",\"url\":\"https:\/\/mademoiselleglamour.fr\/studio\/wp-content\/uploads\/2020\/04\/s\u00e9ance-photo-glamour-photographe-geneve-28-scaled.jpg\",\"contentUrl\":\"https:\/\/mademoiselleglamour.fr\/studio\/wp-content\/uploads\/2020\/04\/s\u00e9ance-photo-glamour-photographe-geneve-28-scaled.jpg\",\"width\":2560,\"height\":2560},{\"@type\":\"BreadcrumbList\",\"@id\":\"https:\/\/mademoiselleglamour.fr\/studio\/jai-reellement-ose-me-mettre-a-nue-au-sens-propre-comme-au-sens-figure\/#breadcrumb\",\"itemListElement\":[{\"@type\":\"ListItem\",\"position\":1,\"name\":\"Accueil\",\"item\":\"https:\/\/mademoiselleglamour.fr\/studio\/\"},{\"@type\":\"ListItem\",\"position\":2,\"name\":\"\u00ab J\u2019ai r\u00e9ellement os\u00e9 me mettre \u00e0 nue au sens propre comme au sens figur\u00e9 \u00bb\"}]},{\"@type\":\"WebSite\",\"@id\":\"https:\/\/mademoiselleglamour.fr\/studio\/#website\",\"url\":\"https:\/\/mademoiselleglamour.fr\/studio\/\",\"name\":\"Delphine Dos Santos STUDIO | \u00a9Delphine Dos Santos Artiste Photographe\",\"description\":\"Portraits Artistiques &amp; Glamour pour les Femmes | Sublimer chaque Femme comme une Oeuvre d&#039;Art\",\"potentialAction\":[{\"@type\":\"SearchAction\",\"target\":{\"@type\":\"EntryPoint\",\"urlTemplate\":\"https:\/\/mademoiselleglamour.fr\/studio\/?s={search_term_string}\"},\"query-input\":{\"@type\":\"PropertyValueSpecification\",\"valueRequired\":true,\"valueName\":\"search_term_string\"}}],\"inLanguage\":\"fr-FR\"},{\"@type\":\"Person\",\"@id\":\"https:\/\/mademoiselleglamour.fr\/studio\/#\/schema\/person\/17be9b4f38eb2e07ae8397be923fe3a6\",\"name\":\"Delphine-Studio\",\"image\":{\"@type\":\"ImageObject\",\"inLanguage\":\"fr-FR\",\"@id\":\"https:\/\/secure.gravatar.com\/avatar\/aabf4fe27c816edce62021da47eaff2d232ac4d54f8559b12e44676d4ddde1b1?s=96&d=mm&r=g\",\"url\":\"https:\/\/secure.gravatar.com\/avatar\/aabf4fe27c816edce62021da47eaff2d232ac4d54f8559b12e44676d4ddde1b1?s=96&d=mm&r=g\",\"contentUrl\":\"https:\/\/secure.gravatar.com\/avatar\/aabf4fe27c816edce62021da47eaff2d232ac4d54f8559b12e44676d4ddde1b1?s=96&d=mm&r=g\",\"caption\":\"Delphine-Studio\"},\"url\":\"https:\/\/mademoiselleglamour.fr\/studio\/author\/delphine-studio\/\"}]}<\/script>\n<!-- \/ Yoast SEO plugin. -->","yoast_head_json":{"title":"\u00ab J\u2019ai r\u00e9ellement os\u00e9 me mettre \u00e0 nue au sens propre comme au sens figur\u00e9 \u00bb - Delphine Dos Santos STUDIO | \u00a9Delphine Dos Santos Artiste Photographe","robots":{"index":"index","follow":"follow","max-snippet":"max-snippet:-1","max-image-preview":"max-image-preview:large","max-video-preview":"max-video-preview:-1"},"canonical":"https:\/\/mademoiselleglamour.fr\/studio\/jai-reellement-ose-me-mettre-a-nue-au-sens-propre-comme-au-sens-figure\/","og_locale":"fr_FR","og_type":"article","og_title":"\u00ab J\u2019ai r\u00e9ellement os\u00e9 me mettre \u00e0 nue au sens propre comme au sens figur\u00e9 \u00bb - Delphine Dos Santos STUDIO | \u00a9Delphine Dos Santos Artiste Photographe","og_description":"\u00ab&nbsp;Une envie, un d\u00e9fi, un temps pour moi, un besoin m\u00eame apr\u00e8s une p\u00e9riode difficile\u2026Alors oui Pourquoi pas moi&nbsp;?&nbsp; Une arriv\u00e9e au Studio avec la boule au ventre comme avant un examen, un accueil d\u2019une douceur sans nom, bel \u00e9change [&hellip;]","og_url":"https:\/\/mademoiselleglamour.fr\/studio\/jai-reellement-ose-me-mettre-a-nue-au-sens-propre-comme-au-sens-figure\/","og_site_name":"Delphine Dos Santos STUDIO | \u00a9Delphine Dos Santos Artiste Photographe","article_published_time":"2020-01-20T20:42:00+00:00","article_modified_time":"2020-12-10T07:50:17+00:00","og_image":[{"width":2560,"height":2560,"url":"https:\/\/mademoiselleglamour.fr\/studio\/wp-content\/uploads\/2020\/04\/s\u00e9ance-photo-glamour-photographe-geneve-28-scaled.jpg","type":"image\/jpeg"}],"author":"Delphine-Studio","twitter_card":"summary_large_image","twitter_misc":{"\u00c9crit par":"Delphine-Studio","Dur\u00e9e de lecture estim\u00e9e":"1 minute"},"schema":{"@context":"https:\/\/schema.org","@graph":[{"@type":"Article","@id":"https:\/\/mademoiselleglamour.fr\/studio\/jai-reellement-ose-me-mettre-a-nue-au-sens-propre-comme-au-sens-figure\/#article","isPartOf":{"@id":"https:\/\/mademoiselleglamour.fr\/studio\/jai-reellement-ose-me-mettre-a-nue-au-sens-propre-comme-au-sens-figure\/"},"author":{"name":"Delphine-Studio","@id":"https:\/\/mademoiselleglamour.fr\/studio\/#\/schema\/person\/17be9b4f38eb2e07ae8397be923fe3a6"},"headline":"\u00ab J\u2019ai r\u00e9ellement os\u00e9 me mettre \u00e0 nue au sens propre comme au sens figur\u00e9 \u00bb","datePublished":"2020-01-20T20:42:00+00:00","dateModified":"2020-12-10T07:50:17+00:00","mainEntityOfPage":{"@id":"https:\/\/mademoiselleglamour.fr\/studio\/jai-reellement-ose-me-mettre-a-nue-au-sens-propre-comme-au-sens-figure\/"},"wordCount":180,"image":{"@id":"https:\/\/mademoiselleglamour.fr\/studio\/jai-reellement-ose-me-mettre-a-nue-au-sens-propre-comme-au-sens-figure\/#primaryimage"},"thumbnailUrl":"https:\/\/mademoiselleglamour.fr\/studio\/wp-content\/uploads\/2020\/04\/s\u00e9ance-photo-glamour-photographe-geneve-28-scaled.jpg","keywords":["photo glamour geneve","photo nu geneve","photographe boudoir geneve","Photographe Glamour Geneve","photographe pour les femmes geneve","Portrait de Femmes geneve","portrait geneve","Portraits de Femmes Geneve","seance photo boudoir geneve","seance photo geneve","seance photo glamour geneve"],"articleSection":["Derni\u00e8res S\u00e9ances","LA FEMME GLAMOUR","T\u00e9moignage","Vid\u00e9os","Vid\u00e9os S\u00e9ances"],"inLanguage":"fr-FR"},{"@type":"WebPage","@id":"https:\/\/mademoiselleglamour.fr\/studio\/jai-reellement-ose-me-mettre-a-nue-au-sens-propre-comme-au-sens-figure\/","url":"https:\/\/mademoiselleglamour.fr\/studio\/jai-reellement-ose-me-mettre-a-nue-au-sens-propre-comme-au-sens-figure\/","name":"\u00ab J\u2019ai r\u00e9ellement os\u00e9 me mettre \u00e0 nue au sens propre comme au sens figur\u00e9 \u00bb - Delphine Dos Santos STUDIO | \u00a9Delphine Dos Santos Artiste Photographe","isPartOf":{"@id":"https:\/\/mademoiselleglamour.fr\/studio\/#website"},"primaryImageOfPage":{"@id":"https:\/\/mademoiselleglamour.fr\/studio\/jai-reellement-ose-me-mettre-a-nue-au-sens-propre-comme-au-sens-figure\/#primaryimage"},"image":{"@id":"https:\/\/mademoiselleglamour.fr\/studio\/jai-reellement-ose-me-mettre-a-nue-au-sens-propre-comme-au-sens-figure\/#primaryimage"},"thumbnailUrl":"https:\/\/mademoiselleglamour.fr\/studio\/wp-content\/uploads\/2020\/04\/s\u00e9ance-photo-glamour-photographe-geneve-28-scaled.jpg","datePublished":"2020-01-20T20:42:00+00:00","dateModified":"2020-12-10T07:50:17+00:00","author":{"@id":"https:\/\/mademoiselleglamour.fr\/studio\/#\/schema\/person\/17be9b4f38eb2e07ae8397be923fe3a6"},"breadcrumb":{"@id":"https:\/\/mademoiselleglamour.fr\/studio\/jai-reellement-ose-me-mettre-a-nue-au-sens-propre-comme-au-sens-figure\/#breadcrumb"},"inLanguage":"fr-FR","potentialAction":[{"@type":"ReadAction","target":["https:\/\/mademoiselleglamour.fr\/studio\/jai-reellement-ose-me-mettre-a-nue-au-sens-propre-comme-au-sens-figure\/"]}]},{"@type":"ImageObject","inLanguage":"fr-FR","@id":"https:\/\/mademoiselleglamour.fr\/studio\/jai-reellement-ose-me-mettre-a-nue-au-sens-propre-comme-au-sens-figure\/#primaryimage","url":"https:\/\/mademoiselleglamour.fr\/studio\/wp-content\/uploads\/2020\/04\/s\u00e9ance-photo-glamour-photographe-geneve-28-scaled.jpg","contentUrl":"https:\/\/mademoiselleglamour.fr\/studio\/wp-content\/uploads\/2020\/04\/s\u00e9ance-photo-glamour-photographe-geneve-28-scaled.jpg","width":2560,"height":2560},{"@type":"BreadcrumbList","@id":"https:\/\/mademoiselleglamour.fr\/studio\/jai-reellement-ose-me-mettre-a-nue-au-sens-propre-comme-au-sens-figure\/#breadcrumb","itemListElement":[{"@type":"ListItem","position":1,"name":"Accueil","item":"https:\/\/mademoiselleglamour.fr\/studio\/"},{"@type":"ListItem","position":2,"name":"\u00ab J\u2019ai r\u00e9ellement os\u00e9 me mettre \u00e0 nue au sens propre comme au sens figur\u00e9 \u00bb"}]},{"@type":"WebSite","@id":"https:\/\/mademoiselleglamour.fr\/studio\/#website","url":"https:\/\/mademoiselleglamour.fr\/studio\/","name":"Delphine Dos Santos STUDIO | \u00a9Delphine Dos Santos Artiste Photographe","description":"Portraits Artistiques &amp; Glamour pour les Femmes | Sublimer chaque Femme comme une Oeuvre d&#039;Art","potentialAction":[{"@type":"SearchAction","target":{"@type":"EntryPoint","urlTemplate":"https:\/\/mademoiselleglamour.fr\/studio\/?s={search_term_string}"},"query-input":{"@type":"PropertyValueSpecification","valueRequired":true,"valueName":"search_term_string"}}],"inLanguage":"fr-FR"},{"@type":"Person","@id":"https:\/\/mademoiselleglamour.fr\/studio\/#\/schema\/person\/17be9b4f38eb2e07ae8397be923fe3a6","name":"Delphine-Studio","image":{"@type":"ImageObject","inLanguage":"fr-FR","@id":"https:\/\/secure.gravatar.com\/avatar\/aabf4fe27c816edce62021da47eaff2d232ac4d54f8559b12e44676d4ddde1b1?s=96&d=mm&r=g","url":"https:\/\/secure.gravatar.com\/avatar\/aabf4fe27c816edce62021da47eaff2d232ac4d54f8559b12e44676d4ddde1b1?s=96&d=mm&r=g","contentUrl":"https:\/\/secure.gravatar.com\/avatar\/aabf4fe27c816edce62021da47eaff2d232ac4d54f8559b12e44676d4ddde1b1?s=96&d=mm&r=g","caption":"Delphine-Studio"},"url":"https:\/\/mademoiselleglamour.fr\/studio\/author\/delphine-studio\/"}]}},"_links":{"self":[{"href":"https:\/\/mademoiselleglamour.fr\/studio\/wp-json\/wp\/v2\/posts\/7942","targetHints":{"allow":["GET"]}}],"collection":[{"href":"https:\/\/mademoiselleglamour.fr\/studio\/wp-json\/wp\/v2\/posts"}],"about":[{"href":"https:\/\/mademoiselleglamour.fr\/studio\/wp-json\/wp\/v2\/types\/post"}],"author":[{"embeddable":true,"href":"https:\/\/mademoiselleglamour.fr\/studio\/wp-json\/wp\/v2\/users\/1"}],"replies":[{"embeddable":true,"href":"https:\/\/mademoiselleglamour.fr\/studio\/wp-json\/wp\/v2\/comments?post=7942"}],"version-history":[{"count":3,"href":"https:\/\/mademoiselleglamour.fr\/studio\/wp-json\/wp\/v2\/posts\/7942\/revisions"}],"predecessor-version":[{"id":8644,"href":"https:\/\/mademoiselleglamour.fr\/studio\/wp-json\/wp\/v2\/posts\/7942\/revisions\/8644"}],"wp:featuredmedia":[{"embeddable":true,"href":"https:\/\/mademoiselleglamour.fr\/studio\/wp-json\/wp\/v2\/media\/7964"}],"wp:attachment":[{"href":"https:\/\/mademoiselleglamour.fr\/studio\/wp-json\/wp\/v2\/media?parent=7942"}],"wp:term":[{"taxonomy":"category","embeddable":true,"href":"https:\/\/mademoiselleglamour.fr\/studio\/wp-json\/wp\/v2\/categories?post=7942"},{"taxonomy":"post_tag","embeddable":true,"href":"https:\/\/mademoiselleglamour.fr\/studio\/wp-json\/wp\/v2\/tags?post=7942"}],"curies":[{"name":"wp","href":"https:\/\/api.w.org\/{rel}","templated":true}]}}